{"id":10515,"date":"2019-04-29T08:23:49","date_gmt":"2019-04-29T08:23:49","guid":{"rendered":"https:\/\/willizblog.de\/?p=10515"},"modified":"2019-04-29T08:25:13","modified_gmt":"2019-04-29T08:25:13","slug":"ausgetraeumt","status":"publish","type":"post","link":"https:\/\/willizblog.de\/?p=10515","title":{"rendered":"Ausgetr\u00e4umt?"},"content":{"rendered":"<p>Werders Traum von der Teilnahme an einem europ\u00e4ischen Wettbewerb in der n\u00e4chsten Saison ist wohl ausgetr\u00e4umt. Nach einer Woche mit drei Niederlagen (dem 0:1 in M\u00fcnchen und 2:3 ebenfalls gegen die Bayern im DFB-Halbfinale in Bremen folgte am Samstag eine klare 1.4-Niederlage in D\u00fcsseldorf) haben die Bremer vier Punkte R\u00fcckstand auf Platz 7 (Teilnahme an der Qualifikation zur Europa League) und f\u00fcnf auf die Pl\u00e4tze 5 und 6 (Teilnahme an der Gruppenphase der Europa League). Bei drei ausstehenden Spielen (gegen Dortmund, Hoffenheim und Leipzig) ist da nicht mehr viel zu holen.<\/p>\n<p><iframe loading=\"lazy\" width=\"560\" height=\"315\" src=\"https:\/\/www.youtube.com\/embed\/EmZNpPx4Ecw\" frameborder=\"0\" allow=\"accelerometer; autoplay; encrypted-media; gyroscope; picture-in-picture\" allowfullscreen><\/iframe><br \/>\nBundesliga 2018\/19 \u2013 31. Spieltag Fortuna D\u00fcsseldorf \u2013 Werder Bremen 4:1<\/p>\n<p>So <a href=\"https:\/\/www.deichstube.de\/spieltag\/news\/werder-bremen-florian-kohfeldt-thema-fuer-sommer-lehre-aus-pleite-gegen-fortuna-duesseldorf-12232087.html\" rel=\"noopener noreferrer\" target=\"_blank\">denkt der Chefcouch der Bremer, Florian Kohfeldt<\/a>, auch schon an die n\u00e4chste Saison. Denn die Niederlagen gegen vermeidlich schw\u00e4chere Gegner (wie jetzt gegen die D\u00fcsseldorfer) haben dem SV Werder die Punkte gekostet, die Europa haben in weite Ferne r\u00fccken lassen. Diese schmerzhaft verlorenen Spiele werden in der Sommerpause Schwerpunkte sein, \u00fcber die der Trainer mit der Mannschaft sprechen wird.<\/p>\n<p>Es ist nur ein schwacher Trost, dass auch andere Mannschaft (der 31. Spieltag verdeutlicht es) gegen schw\u00e4chere Mannschaften Punkte lie\u00dfen (Bayern nur 1:1 gegen den Fastabsteiger N\u00fcrnberg, Stuttgarts 1:0-Sieg gegen M\u00f6nchengladbach, Hannovers 1:0 gegen Mainz und Dortmunds 2:4 gegen Schalke).<\/p>\n<p>Theoretisch haben die Bremer nat\u00fcrlich noch Chancen auf eine Qualifikation f\u00fcr Europa. Aber nach der Niederlage in D\u00fcsseldorf wird es realistisch gesehen und schon ein Blick in die n\u00e4chste Spielzeit gewagt. Sch\u00f6n zu wissen, dass die Eggestein-Br\u00fcder weiter in Bremen bleiben werden. Nur Max Kruse, der eine hervorragende R\u00fcckrunde gespielt hat, wird Bremen vielleicht gelassen. Insgesamt bliebe aber die jetzige Mannschaft weitestgehend erhalten. So sollte der Traum von Europa in der n\u00e4chsten Saison endlich verwirklicht werden.<\/p>\n","protected":false},"excerpt":{"rendered":"<p>Werders Traum von der Teilnahme an einem europ\u00e4ischen Wettbewerb in der n\u00e4chsten Saison ist wohl ausgetr\u00e4umt. Nach einer Woche mit drei Niederlagen (dem 0:1 in M\u00fcnchen und 2:3 ebenfalls gegen die Bayern im DFB-Halbfinale in Bremen folgte am Samstag eine klare 1.4-Niederlage in D\u00fcsseldorf) haben die Bremer vier Punkte R\u00fcckstand auf Platz 7 (Teilnahme an &hellip; <a href=\"https:\/\/willizblog.de\/?p=10515\" class=\"more-link\"><span class=\"screen-reader-text\">Ausgetr\u00e4umt?<\/span> weiterlesen <span class=\"meta-nav\">&rarr;<\/span><\/a><\/p>\n","protected":false},"author":1,"featured_media":0,"comment_status":"open","ping_status":"open","sticky":false,"template":"","format":"standard","meta":[],"categories":[27],"tags":[],"_links":{"self":[{"href":"https:\/\/willizblog.de\/index.php?rest_route=\/wp\/v2\/posts\/10515"}],"collection":[{"href":"https:\/\/willizblog.de\/index.php?rest_route=\/wp\/v2\/posts"}],"about":[{"href":"https:\/\/willizblog.de\/index.php?rest_route=\/wp\/v2\/types\/post"}],"author":[{"embeddable":true,"href":"https:\/\/willizblog.de\/index.php?rest_route=\/wp\/v2\/users\/1"}],"replies":[{"embeddable":true,"href":"https:\/\/willizblog.de\/index.php?rest_route=%2Fwp%2Fv2%2Fcomments&post=10515"}],"version-history":[{"count":0,"href":"https:\/\/willizblog.de\/index.php?rest_route=\/wp\/v2\/posts\/10515\/revisions"}],"wp:attachment":[{"href":"https:\/\/willizblog.de\/index.php?rest_route=%2Fwp%2Fv2%2Fmedia&parent=10515"}],"wp:term":[{"taxonomy":"category","embeddable":true,"href":"https:\/\/willizblog.de\/index.php?rest_route=%2Fwp%2Fv2%2Fcategories&post=10515"},{"taxonomy":"post_tag","embeddable":true,"href":"https:\/\/willizblog.de\/index.php?rest_route=%2Fwp%2Fv2%2Ftags&post=10515"}],"curies":[{"name":"wp","href":"https:\/\/api.w.org\/{rel}","templated":true}]}}