{"id":1052,"date":"2007-12-28T17:20:03","date_gmt":"2007-12-28T15:20:03","guid":{"rendered":"http:\/\/www.albinz.de\/blog\/?p=1052"},"modified":"2008-02-27T20:10:40","modified_gmt":"2008-02-27T18:10:40","slug":"phantasie-ohne-grenzen","status":"publish","type":"post","link":"https:\/\/willizblog.de\/?p=1052","title":{"rendered":"Phantasie ohne Grenzen"},"content":{"rendered":"<p>\u201eFantasy\u201c gibt es nicht erst in der neueren Literatur oder als kinematische Errungenschaft. Schon in fr\u00fcheren Jahrhunderten gab es Schriftsteller, die ihre eigenen Welten erschufen mit Monstren, Riesen oder Zwergen, also all den Zutaten, wie wir sie heute als \u201eFantasy\u201c-Erzeugnisse finden.<\/p>\n<p>Hier nur eine kleine, aber feine Auswahl und jeweils als Insel Taschenbuch in schmucker Ausf\u00fchrung (d.h. mit vielen sehr sch\u00f6nen Illustrationen) zu moderaten Preisen erh\u00e4ltlich. Ich erw\u00e4hne diese B\u00fccher, weil ich sie selbst mit Lust und viel Spa\u00df und Freude gelesen habe:<\/p>\n<p><a href=\"https:\/\/de.wikipedia.org\/wiki\/Fran%C3%A7ois_Rabelais\" target=\"_blank\">Fran\u00e7ois Rabelais<\/a> (1493 oder doch schon 1483 bis 1553): <a href=\"https:\/\/de.wikipedia.org\/wiki\/Gargantua_und_Pantagruel\" target=\"_blank\">Gargantua und Pantagruel<\/a><\/p>\n<p><a href=\"https:\/\/www.amazon.de\/gp\/product\/3458317775?ie=UTF8&#038;tag=familiealbin-21&#038;linkCode=as2&#038;camp=1638&#038;creative=6742&#038;creativeASIN=3458317775\" target=\"_blank\">Gargantua und Pantagruel<\/a><img loading=\"lazy\" src=\"https:\/\/www.assoc-amazon.de\/e\/ir?t=familiealbin-21&#038;l=as2&#038;o=3&#038;a=3458317775\" width=\"1\" height=\"1\" border=\"0\" alt=\"\" style=\"border:none !important; margin:0px !important;\" \/> erstreckt sich \u00fcber zwei B\u00e4nde und weit \u00fcber 800 Seiten.<\/p>\n<p><em>Freund, der du dies Buch durchbl\u00e4tterst,<br \/>\nLa\u00df dich nicht in Harnisch bringen,<br \/>\nDa\u00df du mir nicht tobst und wetterst,<br \/>\nDenn du find&#8217;st von schlechten Dingen<br \/>\nNichts drin. Ob arg viel Gutes?<br \/>\nWei\u00df ich nicht, &#8217;s w\u00e4r&#8216; denn das Lachen!<br \/>\nUnd ich will euch lachen machen.<br \/>\nIn der Dumpfheit eures Blutes<br \/>\nKann euch ja kein Scherz gelingen!<br \/>\nEure Tr\u00e4nen steh&#8217;n euch schlecht:<br \/>\nLachen! das ist Menschenrecht!<\/em><\/p>\n<p>Hermann Hesse schrieb \u00fcber das Werk: <em>\u201eMag sein Loblied auf das Leben noch so ma\u00dflos, sein Humor noch so derb, seine Freude am Saftigen und Quellenden noch so trunken sein, er ist dennoch heute noch wunderbar lebendig, und ein Kapitel aus dem Gargantua mag einem heutigen Leser recht wohl als Katerfr\u00fchst\u00fcck nach der Lekt\u00fcre problematischer Tagesliteratur dienen\u201c<\/em>.<\/p>\n<p><a href=\"https:\/\/de.wikipedia.org\/wiki\/Miguel_de_Cervantes\" target=\"_blank\">Miguel de Cervantes<\/a> (1547 \u2013 1616): <a href=\"https:\/\/de.wikipedia.org\/wiki\/Don_Quijote\" target=\"_blank\">Don Quixote<\/a><\/p>\n<p><a href=\"https:\/\/www.amazon.de\/gp\/product\/3458318097?ie=UTF8&#038;tag=familiealbin-21&#038;linkCode=as2&#038;camp=1638&#038;creative=6742&#038;creativeASIN=3458318097\" target=\"_blank\">Der scharfsinnige Ritter Don Quixote von der Mancha<\/a><img loading=\"lazy\" src=\"https:\/\/www.assoc-amazon.de\/e\/ir?t=familiealbin-21&#038;l=as2&#038;o=3&#038;a=3458318097\" width=\"1\" height=\"1\" border=\"0\" alt=\"\" style=\"border:none !important; margin:0px !important;\" \/> d\u00fcrfte vielen bekannt sein. Als Insel Taschenbuch kommt das gesamte Werk auf drei B\u00e4nde und \u00fcber 1300 Seiten. Auch hierzu \u00e4u\u00dferte sich Hermann Hesse: <em>\u201e\u2026 eines der grandiosesten und zugleich entz\u00fcckendsten B\u00fccher aller Zeiten, die Geschichte des irrenden Ritters und seiner K\u00e4mpfe mit eingebildeten B\u00f6sewichtern und seinen fetten Knappen Sancho, zweier unsterblicher Figuren\u201c<\/em>.<\/p>\n<p><a href=\"https:\/\/de.wikipedia.org\/wiki\/Jonathan_Swift\" target=\"_blank\">Jonathan Swift<\/a> (1667 \u2013 1745): <a href=\"https:\/\/de.wikipedia.org\/wiki\/Gullivers_Reisen\" target=\"_blank\">Gullivers Reisen<\/a><\/p>\n<p><a href=\"https:\/\/www.amazon.de\/gp\/product\/3458317589?ie=UTF8&#038;tag=familiealbin-21&#038;linkCode=as2&#038;camp=1638&#038;creative=6742&#038;creativeASIN=3458317589\" target=\"_blank\">Gullivers Reisen<\/a><img loading=\"lazy\" src=\"https:\/\/www.assoc-amazon.de\/e\/ir?t=familiealbin-21&#038;l=as2&#038;o=3&#038;a=3458317589\" width=\"1\" height=\"1\" border=\"0\" alt=\"\" style=\"border:none !important; margin:0px !important;\" \/> finden wir meist in einer Jugend-Ausgabe vor, obwohl das gesamte Werk (diesmal nur in einem Band, aber auch mit immerhin knapp 500 Seiten) eine kritische Auseinandersetzung mit seinen Zeitgenossen darstellt und von daher schon nicht immer jugendfrei ist.<\/p>\n<table border=\"0\" cellpadding=\"0\" cellspacing=\"0\" width=\"100%\">\n<tr>\n<td width=\"33%\">\n<p align=\"center\"><img loading=\"lazy\" border=\"0\" src=\"https:\/\/www.willizblog.de\/albpics\/rabelais.jpg\" alt=\"Fran\u00e7ois Rabelais\" width=\"180\" height=\"207\"><\/td>\n<td width=\"33%\">\n<p align=\"center\"><img loading=\"lazy\" border=\"0\" src=\"https:\/\/www.willizblog.de\/albpics\/cervantes.jpg\" alt=\"Miguel de Cervantes\" width=\"180\" height=\"207\"><\/td>\n<td width=\"34%\">\n<p align=\"center\"><img loading=\"lazy\" border=\"0\" src=\"https:\/\/www.willizblog.de\/albpics\/swift.jpg\" alt=\"Jonathan Swift\" width=\"180\" height=\"207\"><\/td>\n<\/tr>\n<tr>\n<td width=\"33%\">\n<p align=\"center\"><font face=\"Lucida Grande, Lucida Sans Unicode, Verdana, sans-serif\" size=\"2\">Fran\u00e7ois Rabelais<\/font><\/td>\n<td width=\"33%\">\n<p align=\"center\"><font face=\"Lucida Grande, Lucida Sans Unicode, Verdana, sans-serif\" size=\"2\">Miguel de Cervantes<\/font><\/td>\n<td width=\"34%\">\n<p align=\"center\"><font face=\"Lucida Grande, Lucida Sans Unicode, Verdana, sans-serif\" size=\"2\">Jonathan Swift<\/font><\/td>\n<\/tr>\n<\/table>\n<p>Alle drei Werke sind, wie bereits erw\u00e4hnt, mit gro\u00dfartigen Illustrationen versehen. Bei Rabelais und Cervantes stammen diese von <a href=\"https:\/\/de.wikipedia.org\/wiki\/Gustave_Dor%C3%A9\" target=\"_blank\">Gustave Dor\u00e9<\/a>. F\u00fcr Swifts Gulliver zeichnete <a href=\"https:\/\/de.wikipedia.org\/wiki\/Grandville\" target=\"_blank\">Grandville<\/a>. Ich w\u00fcnsche gro\u00dfes Lesevergn\u00fcgen!<\/p>\n","protected":false},"excerpt":{"rendered":"<p>\u201eFantasy\u201c gibt es nicht erst in der neueren Literatur oder als kinematische Errungenschaft. Schon in fr\u00fcheren Jahrhunderten gab es Schriftsteller, die ihre eigenen Welten erschufen mit Monstren, Riesen oder Zwergen, also all den Zutaten, wie wir sie heute als \u201eFantasy\u201c-Erzeugnisse finden. Hier nur eine kleine, aber feine Auswahl und jeweils als Insel Taschenbuch in schmucker &hellip; <a href=\"https:\/\/willizblog.de\/?p=1052\" class=\"more-link\"><span class=\"screen-reader-text\">Phantasie ohne Grenzen<\/span> weiterlesen <span class=\"meta-nav\">&rarr;<\/span><\/a><\/p>\n","protected":false},"author":1,"featured_media":0,"comment_status":"open","ping_status":"closed","sticky":false,"template":"","format":"standard","meta":[],"categories":[14],"tags":[],"_links":{"self":[{"href":"https:\/\/willizblog.de\/index.php?rest_route=\/wp\/v2\/posts\/1052"}],"collection":[{"href":"https:\/\/willizblog.de\/index.php?rest_route=\/wp\/v2\/posts"}],"about":[{"href":"https:\/\/willizblog.de\/index.php?rest_route=\/wp\/v2\/types\/post"}],"author":[{"embeddable":true,"href":"https:\/\/willizblog.de\/index.php?rest_route=\/wp\/v2\/users\/1"}],"replies":[{"embeddable":true,"href":"https:\/\/willizblog.de\/index.php?rest_route=%2Fwp%2Fv2%2Fcomments&post=1052"}],"version-history":[{"count":0,"href":"https:\/\/willizblog.de\/index.php?rest_route=\/wp\/v2\/posts\/1052\/revisions"}],"wp:attachment":[{"href":"https:\/\/willizblog.de\/index.php?rest_route=%2Fwp%2Fv2%2Fmedia&parent=1052"}],"wp:term":[{"taxonomy":"category","embeddable":true,"href":"https:\/\/willizblog.de\/index.php?rest_route=%2Fwp%2Fv2%2Fcategories&post=1052"},{"taxonomy":"post_tag","embeddable":true,"href":"https:\/\/willizblog.de\/index.php?rest_route=%2Fwp%2Fv2%2Ftags&post=1052"}],"curies":[{"name":"wp","href":"https:\/\/api.w.org\/{rel}","templated":true}]}}