{"id":10527,"date":"2019-05-21T09:39:54","date_gmt":"2019-05-21T09:39:54","guid":{"rendered":"https:\/\/willizblog.de\/?p=10527"},"modified":"2019-05-21T09:39:54","modified_gmt":"2019-05-21T09:39:54","slug":"es-hat-nicht-sollen-sein-2","status":"publish","type":"post","link":"https:\/\/willizblog.de\/?p=10527","title":{"rendered":"Es hat nicht sollen sein \u2026"},"content":{"rendered":"<p><a href=\"https:\/\/www.willizblog.de\/?p=10515\" rel=\"noopener noreferrer\" target=\"_blank\">Es war absehbar<\/a>, dass der SV Werder Bremen den 7. Tabellenplatz und damit die Teilnahme an der Qualifikation zur Europa League verpassen wird. Aber zuletzt war es doch \u00e4u\u00dferst knapp. Ein Punkt und drei Tore fehlten den Bremern, um auch noch an Eintracht Frankfurt vorbeizuziehen. Schade, denn immerhin gewann Werder das Spiel in Hoffenheim mit 1:0 und auch das letzte gegen den Tabellendritten und damit Teilnehmer an der Champions League, RB Leipzig, mit 2:1, wobei den Schlusspunkt kein Geringerer als der 40-j\u00e4hre <em>Claudio Pizarro<\/em> mit seinem Tor setzte. Am Ende landete Werder auf dem 8. Platz. <\/p>\n<p><img src=\"https:\/\/www.willizblog.de\/pics\/werder1819_st34_pizarro.jpg\" alt=\"Fu\u00dfball-Bundesliga 2018\/2019 \u2013 34: Spieltag: SV Werder \u2013 RB Leipzig 2:1 \u2013 Tor durch Claudio Pizarro\" title=\"Fu\u00dfball-Bundesliga 2018\/2019 \u2013 34: Spieltag: SV Werder \u2013 RB Leipzig 2:1 \u2013 Tor durch Claudio Pizarro\" \/><br \/>\nFu\u00dfball-Bundesliga 2018\/2019 \u2013 34: Spieltag: SV Werder \u2013 RB Leipzig 2:1 \u2013 Tor durch Claudio Pizarro<\/p>\n<p>Kaum ist die Saison f\u00fcr Werder Bremen beendet, da werden schon die Vorbereitungen f\u00fcr die neue Spielzeit getroffen. <a href=\"https:\/\/de.wikipedia.org\/wiki\/Max_Kruse_(Fu%C3%9Fballspieler)\" rel=\"noopener noreferrer\" target=\"_blank\">Max Kruse<\/a>, Werders bester Torsch\u00fctze mit 11 Toren (und 9 Vorlagen), verl\u00e4sst Bremen. Ansonsten wird die bisherige Mannschaft aber beisammen bleiben und u.a. durch den ehemaligen Werder-Spieler <a href=\"https:\/\/de.wikipedia.org\/wiki\/Niclas_F%C3%BCllkrug\" rel=\"noopener noreferrer\" target=\"_blank\">Niclas F\u00fcllkrug<\/a> im Sturm verst\u00e4rkt. Nat\u00fcrlich w\u00fcnschten sich die Werder-Fans ein Verbleiben von Kruse. Aber wichtiger als er ist mit Sicherheit die Vertragsverl\u00e4ngerung der Br\u00fcder <a href=\"https:\/\/de.wikipedia.org\/wiki\/Maximilian_Eggestein\" rel=\"noopener noreferrer\" target=\"_blank\">Maximilian<\/a> und <a href=\"https:\/\/de.wikipedia.org\/wiki\/Johannes_Eggestein\" rel=\"noopener noreferrer\" target=\"_blank\">Johannes Eggestein<\/a>, die beide eine hervorragende Saison gespielt haben und mit zu dem guten Abschneiden des Vereins beigetragen haben. Die neue Saison verspricht einiges!<\/p>\n<p><iframe loading=\"lazy\" width=\"560\" height=\"315\" src=\"https:\/\/www.youtube.com\/embed\/VxE0_qEhDvk\" frameborder=\"0\" allow=\"accelerometer; autoplay; encrypted-media; gyroscope; picture-in-picture\" allowfullscreen><\/iframe><br \/>\nFu\u00dfball-Bundesliga 2018\/2019 \u2013 34: Spieltag: SV Werder \u2013 RB Leipzig 2:1<\/p>\n<p>Au\u00dferdem bleibt <a href=\"https:\/\/de.wikipedia.org\/wiki\/Claudio_Pizarro\" rel=\"noopener noreferrer\" target=\"_blank\">Pizarro<\/a> noch <a href=\"https:\/\/www.11freunde.de\/artikel\/warum-claudio-pizarro-unbedingt-noch-ein-jahr-dranhaengen-sollte\" rel=\"noopener noreferrer\" target=\"_blank\">ein weiteres Jahr<\/a>. Es wird wahrscheinlich sein letztes Jahr als Fu\u00dfballprofi werden. Und die Fu\u00dfballfans (nicht nur die aus Bremen) werden sich freuen, wenn er auch in der neuen Saison auf den Platz auflaufen wird. Meist reicht es nur f\u00fcr die letzten 30 Minuten eines Spiels. Aber dann geht mit seiner Einwechslung ein Ruck durch die Mannschaft. Und f\u00fcr ein Tor ist er auch noch immer gut. Bereits Mitte des letzten Jahres machte sich ein gewisser Stephan Reich von den <a href=\"https:\/\/www.11freunde.de\/\" rel=\"noopener noreferrer\" target=\"_blank\">11 Freunden <\/a>nicht so ganz ernst gemeinte Gedanken \u00fcber <a href=\"https:\/\/www.11freunde.de\/artikel\/wie-die-karriere-von-claudio-pizarro-nun-weitergeht\" rel=\"noopener noreferrer\" target=\"_blank\">Pizarros weitere Fu\u00dfballkarriere<\/a>. Claudio Pizarro ist ein Ph\u00e4nomen jenseits der Kommerzialisierung des Fu\u00dfballs. Er verk\u00f6rpert die Leidenschaft und den Spa\u00df, den Fu\u00dfball darstellen sollte. Claudio, wir lieben Dich!<\/p>\n<p>Zuletzt noch eine traurige Mitteilung:<\/p>\n<p><a href=\"https:\/\/de.wikipedia.org\/wiki\/Manfred_Burgsm%C3%BCller\" rel=\"noopener noreferrer\" target=\"_blank\">Manni Burgsm\u00fcller<\/a> ist tot. Ende 1985 holte Otto Rehhagel den fast 36-J\u00e4hrigen zu Werder Bremen. Mit Werder holte Burgsm\u00fcller 1988 im Alter von 38 Jahren seinen ersten Titel und wurde Deutscher Meister. 1989 und 1990 (mit 40 Jahren!) erreichte er mit Werder jeweils das Finale des DFB-Pokals. <a href=\"https:\/\/www.11freunde.de\/galerie\/reaktionen-zum-tod-von-manni-burgsmueller\" rel=\"noopener noreferrer\" target=\"_blank\">Manfred Burgsm\u00fcller starb<\/a> am 18. Mai 2019 im Alter von nur 69 Jahren in seiner Wohnung in Essen.<\/p>\n","protected":false},"excerpt":{"rendered":"<p>Es war absehbar, dass der SV Werder Bremen den 7. Tabellenplatz und damit die Teilnahme an der Qualifikation zur Europa League verpassen wird. Aber zuletzt war es doch \u00e4u\u00dferst knapp. Ein Punkt und drei Tore fehlten den Bremern, um auch noch an Eintracht Frankfurt vorbeizuziehen. Schade, denn immerhin gewann Werder das Spiel in Hoffenheim mit &hellip; <a href=\"https:\/\/willizblog.de\/?p=10527\" class=\"more-link\"><span class=\"screen-reader-text\">Es hat nicht sollen sein \u2026<\/span> weiterlesen <span class=\"meta-nav\">&rarr;<\/span><\/a><\/p>\n","protected":false},"author":1,"featured_media":0,"comment_status":"open","ping_status":"open","sticky":false,"template":"","format":"standard","meta":[],"categories":[27],"tags":[],"_links":{"self":[{"href":"https:\/\/willizblog.de\/index.php?rest_route=\/wp\/v2\/posts\/10527"}],"collection":[{"href":"https:\/\/willizblog.de\/index.php?rest_route=\/wp\/v2\/posts"}],"about":[{"href":"https:\/\/willizblog.de\/index.php?rest_route=\/wp\/v2\/types\/post"}],"author":[{"embeddable":true,"href":"https:\/\/willizblog.de\/index.php?rest_route=\/wp\/v2\/users\/1"}],"replies":[{"embeddable":true,"href":"https:\/\/willizblog.de\/index.php?rest_route=%2Fwp%2Fv2%2Fcomments&post=10527"}],"version-history":[{"count":0,"href":"https:\/\/willizblog.de\/index.php?rest_route=\/wp\/v2\/posts\/10527\/revisions"}],"wp:attachment":[{"href":"https:\/\/willizblog.de\/index.php?rest_route=%2Fwp%2Fv2%2Fmedia&parent=10527"}],"wp:term":[{"taxonomy":"category","embeddable":true,"href":"https:\/\/willizblog.de\/index.php?rest_route=%2Fwp%2Fv2%2Fcategories&post=10527"},{"taxonomy":"post_tag","embeddable":true,"href":"https:\/\/willizblog.de\/index.php?rest_route=%2Fwp%2Fv2%2Ftags&post=10527"}],"curies":[{"name":"wp","href":"https:\/\/api.w.org\/{rel}","templated":true}]}}