{"id":10529,"date":"2019-05-27T09:04:24","date_gmt":"2019-05-27T09:04:24","guid":{"rendered":"https:\/\/willizblog.de\/?p=10529"},"modified":"2019-05-27T09:35:00","modified_gmt":"2019-05-27T09:35:00","slug":"mit-hass-last-sich-kein-staat-machen","status":"publish","type":"post","link":"https:\/\/willizblog.de\/?p=10529","title":{"rendered":"Mit Hass l\u00e4sst sich kein Staat machen"},"content":{"rendered":"<p>Die <a href=\"https:\/\/www.bundeswahlleiter.de\/europawahlen\/2019\/ergebnisse\/bund-99.html\" rel=\"noopener noreferrer\" target=\"_blank\">Europawahl 2019 in Deutschland<\/a> ist gelaufen und zeigt auf, dass der Wandel in der Parteienlandschaft weiter voranschreitet. Zun\u00e4chst das gute Ergebnis: Die Deutschen interessieren sich wieder f\u00fcr Europa. Statt der 48,1 % Wahlbeteiligung vor f\u00fcnf Jahren, waren es diesmal 61,4 %. Nicht \u00fcberragend, aber doch befriedigend.<\/p>\n<p>Die fr\u00fcher einmal gro\u00dfen Parteien haben weiter Federn lassen m\u00fcssen. Die SPD (15,8 %) wurde sogar von den Gr\u00fcnen (20,5 %) deutlich \u00fcberholt. Die Union kommt immerhin noch auf 28,9 %, die AfD auf 11,0 %, die Linke auf 5,5 und die FDP auf 5,4 %. Insgesamt gut abgeschnitten haben die anderen, kleinen Parteien (wohl weil es keine 5-%-Sperrklausel bei Europawahlen gibt), wobei die Satirepartei \u201adie PARTEI\u2018 auf 2,4 % kommt (und damit 2 der insgesamt 96 f\u00fcr Deutschland reservierten Sitze im Europaparlament bekommen).<\/p>\n<p>Nat\u00fcrlich hat die AfD gegen\u00fcber der Wahl 2014 (7,1 %) um 3,9 % zugelegt. Gegen\u00fcber der Bundestagswahl 2017 aber 1,6 %-Punkte verloren. Zun\u00e4chst sind erst einmal die Ergebnisse in den anderen L\u00e4ndern der EU abzuwarten. Ich stelle aber fest, dass die rechtspopul\u00e4ren bzw. rechtsextremen Parteien stagnieren, ja sogar Verluste hinnehmen m\u00fcssen. Mit Hass ist auf Dauer kein Staat zu machen.<\/p>\n<p><strong>Gr\u00fcne lassen Union und SPD alt aussehen<\/strong><\/p>\n<p>Die Gr\u00fcnen-Stimmen kommen vor allem von den besser Gebildeten und &#8211; und das d\u00fcrfte der entscheidende Faktor sein &#8211; von den J\u00fcngeren. Wobei das Wort &#8222;J\u00fcngere&#8220; hier sehr relativ zu sehen ist. Denn die Grenze verl\u00e4uft bei &#8222;Mitte 40&#8220;. Bei allen W\u00e4hlergruppen, die darunter liegen, sind die Gr\u00fcnen klar die st\u00e4rkste Kraft. Und es gilt: je j\u00fcnger die W\u00e4hler sind, desto st\u00e4rker w\u00e4hlen sie Gr\u00fcn.<\/p>\n<p>Die Union ist nur noch bei den \u00fcber 60-J\u00e4hrigen klar die Nummer 1, bei den 45- bis 59-J\u00e4hrigen liefert sie sich ein Kopf-an-Kopf-Rennen mit den Gr\u00fcnen. Und insgesamt bildet die Union quasi den Gegenpol zu den Gr\u00fcnen: Je j\u00fcnger die W\u00e4hler, desto weniger erfolgreich ist die Union.<\/p>\n<p>Und die SPD? Sie hat in allen Altersgruppen deutlich verloren. Bei den ganz Jungen liegt sie sogar nur noch im einstelligen Bereich &#8211; knapp vor der Satirepartei &#8222;Die Partei&#8220;. Beim Blick auf die Zukunft hat die SPD-F\u00fchrung also allen Grund, nerv\u00f6s zu werden. (Quelle: <a href=\"https:\/\/www.tagesschau.de\/inland\/analyse-europawahl-103.html\" rel=\"noopener noreferrer\" target=\"_blank\">tagesschau.de<\/a>)<\/p>\n<p>Es sind die Zukunftsthemen wie Klima- und Umweltschutz (siehe <a href=\"https:\/\/fridaysforfuture.de\/\" rel=\"noopener noreferrer\" target=\"_blank\">Fridays For Future<\/a>) sowie die rechtlichen Fragen rund ums Internet, aber auch die Europa- und Fl\u00fcchtlingspolitik, die junge W\u00e4hler interessieren. Und stand die SPD bisher vor allem f\u00fcr soziale Gerechtigkeit, so sehen die W\u00e4hler inzwischen diese Kompetenz auch bei anderen Parteien.<\/p>\n<p>Sehen wir uns die \u2013 sorry! \u2013 Pappnasen an, die die deutsche Politik bestimmen (oder bestimmen wollen) wie <em>Kanzlerin Merkel<\/em>, die <em>Kramp-Karrenbauer<\/em> samt <em>Spahn<\/em> und <em>Kl\u00f6ckner<\/em>, die CSU-Clique in Bonn (<em>Seehofer, Scheuer<\/em> oder <em>Dobrindt<\/em>) sowie Herr Gernegross <em>Lindner<\/em>, dann ist es mehr als verst\u00e4ndlich, dass die W\u00e4hler die Schnauze voll haben von der Politik. Im Mittelpunkt deren Politik stehen nicht die Interessen der B\u00fcrgerinnen und B\u00fcrger, sondern die der Industrie (z.B. Auto- und Landwirtschaftsindustrie).<\/p>\n","protected":false},"excerpt":{"rendered":"<p>Die Europawahl 2019 in Deutschland ist gelaufen und zeigt auf, dass der Wandel in der Parteienlandschaft weiter voranschreitet. Zun\u00e4chst das gute Ergebnis: Die Deutschen interessieren sich wieder f\u00fcr Europa. Statt der 48,1 % Wahlbeteiligung vor f\u00fcnf Jahren, waren es diesmal 61,4 %. Nicht \u00fcberragend, aber doch befriedigend. Die fr\u00fcher einmal gro\u00dfen Parteien haben weiter Federn &hellip; <a href=\"https:\/\/willizblog.de\/?p=10529\" class=\"more-link\"><span class=\"screen-reader-text\">Mit Hass l\u00e4sst sich kein Staat machen<\/span> weiterlesen <span class=\"meta-nav\">&rarr;<\/span><\/a><\/p>\n","protected":false},"author":1,"featured_media":0,"comment_status":"open","ping_status":"open","sticky":false,"template":"","format":"standard","meta":[],"categories":[29],"tags":[],"_links":{"self":[{"href":"https:\/\/willizblog.de\/index.php?rest_route=\/wp\/v2\/posts\/10529"}],"collection":[{"href":"https:\/\/willizblog.de\/index.php?rest_route=\/wp\/v2\/posts"}],"about":[{"href":"https:\/\/willizblog.de\/index.php?rest_route=\/wp\/v2\/types\/post"}],"author":[{"embeddable":true,"href":"https:\/\/willizblog.de\/index.php?rest_route=\/wp\/v2\/users\/1"}],"replies":[{"embeddable":true,"href":"https:\/\/willizblog.de\/index.php?rest_route=%2Fwp%2Fv2%2Fcomments&post=10529"}],"version-history":[{"count":0,"href":"https:\/\/willizblog.de\/index.php?rest_route=\/wp\/v2\/posts\/10529\/revisions"}],"wp:attachment":[{"href":"https:\/\/willizblog.de\/index.php?rest_route=%2Fwp%2Fv2%2Fmedia&parent=10529"}],"wp:term":[{"taxonomy":"category","embeddable":true,"href":"https:\/\/willizblog.de\/index.php?rest_route=%2Fwp%2Fv2%2Fcategories&post=10529"},{"taxonomy":"post_tag","embeddable":true,"href":"https:\/\/willizblog.de\/index.php?rest_route=%2Fwp%2Fv2%2Ftags&post=10529"}],"curies":[{"name":"wp","href":"https:\/\/api.w.org\/{rel}","templated":true}]}}