{"id":10544,"date":"2019-07-08T09:12:49","date_gmt":"2019-07-08T09:12:49","guid":{"rendered":"https:\/\/willizblog.de\/?p=10544"},"modified":"2019-07-08T09:12:49","modified_gmt":"2019-07-08T09:12:49","slug":"dit-un-dat-im-internet-9","status":"publish","type":"post","link":"https:\/\/willizblog.de\/?p=10544","title":{"rendered":"Dit un dat im Internet (9)"},"content":{"rendered":"<p><strong>Trump \u2013 Klappe, die erste: Und jetzt \u2026 NICHT ins fu**in\u2018 Wei\u00dfe Haus<\/strong><\/p>\n<p>Auf die Frage in einem Interview hin, ob sie bei einem Sieg der US-amerikanischen Mannschaft bei der <a href=\"https:\/\/de.wikipedia.org\/wiki\/Fu%C3%9Fball-Weltmeisterschaft_der_Frauen_2019\" rel=\"noopener noreferrer\" target=\"_blank\">Fu\u00dfball-WM der Frauen<\/a> einer Einladung des Pr\u00e4sidenten ihres Landes in dessen Amtssitz Folge leisten w\u00fcrde, antwortete <a href=\"https:\/\/de.wikipedia.org\/wiki\/Megan_Rapinoe\" rel=\"noopener noreferrer\" target=\"_blank\">Megan Rapinoe<\/a>: <a href=\"https:\/\/www.spiegel.de\/sport\/fussball\/megan-rapinoe-ich-gehe-nicht-ins-verdammte-weisse-haus-a-1274322.html\" rel=\"noopener noreferrer\" target=\"_blank\">\u201eIch gehe nicht ins fu**ing Wei\u00dfe Haus!\u201c<\/a><\/p>\n<blockquote class=\"twitter-tweet\" data-lang=\"de\">\n<p lang=\"en\" dir=\"ltr\">\u201cI\u2019m not going to the fucking White House.\u201d &#8211; <a href=\"https:\/\/twitter.com\/mPinoe?ref_src=twsrc%5Etfw\">@mPinoe<\/a> <a href=\"https:\/\/t.co\/sz1ADG2WdT\">pic.twitter.com\/sz1ADG2WdT<\/a><\/p>\n<p>&mdash; Eight by Eight (@8by8mag) <a href=\"https:\/\/twitter.com\/8by8mag\/status\/1143595809910530048?ref_src=twsrc%5Etfw\">25. Juni 2019<\/a><\/p><\/blockquote>\n<p><script async src=\"https:\/\/platform.twitter.com\/widgets.js\" charset=\"utf-8\"><\/script><\/p>\n<p>Auf einer Pressekonferenz bei der Weltmeisterschaft in Frankreich nahm Rapinoe das Schimpfwort zur\u00fcck, stand aber weiterhin klar zu ihrer Aussage, nicht ins Wei\u00dfe Haus gehen zu wollen. Sie ermutigte auch ihre Teammitglieder, die Einladung nicht anzunehmen, um Trump keine B\u00fchne zu bieten.<\/p>\n<p>Donald Trumps Antwort lie\u00df nicht lange auf sich warten: <em>Sie solle erstmal GEWINNEN bevor sie REDET! Beende den Job!<\/em><\/p>\n<p>Nun sind die <a href=\"https:\/\/www.zeit.de\/sport\/2019-07\/wm-finale-usa-niederlande-megan-rapinoe\" rel=\"noopener noreferrer\" target=\"_blank\">US-Amerikanerinnen Weltmeister geworden<\/a> und Megan Rapinoe zudem beste Spielerin und beste Torsch\u00fctzin des Turniers. Sie hat also ihren Job getan! Da wurde selbst Trump kleinlaut \u2026<\/p>\n<p>\u00dcbrigens: Neben Rapinoe hatten unter anderem Alex Morgan, Ali Krieger und Becky Sauerbrunn angek\u00fcndigt, sich den Ausflug nach Washington zu schenken.<\/p>\n<p><strong>Trump \u2013 Klappe, die zweite: Ehrliche Einsch\u00e4tzung eines Botschafters<\/strong><\/p>\n<p>Die britische Zeitung &#8222;Mail on Sunday&#8220; hatte am letzten Sonntag die eigentlich f\u00fcr das Au\u00dfenministerium in London bestimmten Berichte des britischen Botschafters in den USA, <a href=\"https:\/\/de.wikipedia.org\/wiki\/Kim_Darroch\" rel=\"noopener noreferrer\" target=\"_blank\">Kim Darroch<\/a>, publik gemacht. Der schrieb u.a., dass er Zweifel hege, ob das Wei\u00dfe Haus &#8222;jemals kompetent wirken&#8220; werde. Mit Trump k\u00f6nne man sich <strong>nur<\/strong> verst\u00e4ndigen, indem man sich mit einfachen Worten und unverbl\u00fcmt ausdr\u00fccke. Er h\u00e4lt die Regierung Trump f\u00fcr <em>dysfunktional, unberechenbar; gespalten, diplomatisch ungeschickt und unf\u00e4hig.<\/em><\/p>\n<p>Wem erz\u00e4hlt er das?<\/p>\n<p><strong>Horde oder Individuum<\/strong><\/p>\n<p>F\u00fcr mich z\u00e4hlt er zu den bedeutendsten Schriftstellern unserer Zeit: <a href=\"https:\/\/willizblog.de\/?s=vargas+llosa\" rel=\"noopener noreferrer\" target=\"_blank\">Mario Varga Llosa<\/a>. Jetzt hat er mit <a target=\"_blank\" href=\"https:\/\/www.amazon.de\/gp\/product\/3518428683\/ref=as_li_tl?ie=UTF8&#038;camp=1638&#038;creative=6742&#038;creativeASIN=3518428683&#038;linkCode=as2&#038;tag=familiealbin-21&#038;linkId=a71addacb630a5232fd64ceb9cdf5082\" rel=\"noopener noreferrer\"><strong>Der Ruf der Horde<\/strong><\/a><img loading=\"lazy\" src=\"\/\/ir-de.amazon-adsystem.com\/e\/ir?t=familiealbin-21&#038;l=am2&#038;o=3&#038;a=3518428683\" width=\"1\" height=\"1\" border=\"0\" alt=\"\" style=\"border:none !important; margin:0px !important;\" \/> eine intellektuelle Autobiografie verfasst:<\/p>\n<p>Er begann als Kommunist und entwickelte sich zu einem gl\u00fchenden Verfechter des Liberalismus. Das Leben des Schriftstellers <a href=\"https:\/\/de.wikipedia.org\/wiki\/Mario_Vargas_Llosa\" rel=\"noopener noreferrer\" target=\"_blank\">Mario Vargas Llosa<\/a> hat selbst das Zeug zum Gesellschaftsroman. N\u00e4chtelang stritt er mit Fidel Castro, speiste mit Margaret Thatcher und eroberte mit seinem Freund Gabriel Garc\u00eda M\u00e1rquez die literarische Welt. Nun hat der peruanisch-spanische Nobelpreistr\u00e4ger unter dem Titel \u00abDer Ruf der Horde\u00bb seine intellektuelle Autobiographie vorgelegt. Darin l\u00e4sst er unter anderen Adam Smith oder Karl Popper aufleben: Philosophen, die sein liberales Denken gepr\u00e4gt haben.<\/p>\n<p><img src=\"https:\/\/www.willizblog.de\/blogpicts\/mario_vargas_llosa.jpg\" alt=\"Mario Marqu\u00e9s de Vargas Llosa\" title=\"Mario Marqu\u00e9s de Vargas Llosa\" \/><br \/>\nFoto: <a href=\"http:\/\/www.flickr.com\/photos\/9822236@N08\" rel=\"noopener noreferrer\" target=\"_blank\">Daniele Devoti<\/a> \u2013 Padova, Italien (13. Juni 2010)<\/p>\n<p>Gegen den &#8222;Ruf der Horde&#8220; (Karl Popper), gegen den weltweit grassierenden, primitiven Populismus vergegenw\u00e4rtigt Mario Vargas Llosa die Traditionen des Liberalismus, die ihn gepr\u00e4gt, bereichert und ein ganzes Leben lang geleitet haben &#8211; als politischen Schriftsteller wie als schreibenden Politiker.<\/p>\n<p>F\u00fcr seine politischen \u00dcberzeugungen ist der peruanische Nobelpreistr\u00e4ger jahrzehntelang kritisiert, beschimpft und angefeindet worden &#8211; aber was, wenn er recht hatte? Und welche Denker, welche B\u00fccher haben ihm zu diesen \u00dcberzeugungen verholfen?<\/p>\n<p>Mit essayistischer Verve und analytischem Scharfsinn schreibt Mario Vargas Llosa \u00fcber seine Heroen des historischen Liberalismus, \u00fcber <em>Adam Smith, Jos\u00e9 Ortega y Gasset, Friedrich Hayek, Karl Popper, Raymond Aron, Isaiah Berlin<\/em> und <em>Jean-Fran\u00e7ois Revel<\/em>. Denn sie haben ihn mit einer ganz anderen Denkungsart vertraut gemacht, mit einer Denkungsart, die das Individuum stets h\u00f6her stellte als die &#8222;Horde&#8220;, die Nation, die Klasse oder die Partei und die die freie Meinungs\u00e4u\u00dferung immer schon als fundamentalen Wert f\u00fcr das Gedeihen von Demokratie zu verteidigen wusste.<\/p>\n<p>&#8222;Perfektes Gegenmittel gegen einen derzeitigen Trend, der so viele Menschen in die Arme von Scharlatanen, ruchlosen M\u00e4chtigen, charismatischen Demagogen zu treiben droht.&#8220; (<a href=\"https:\/\/www.elimparcial.es\/\" rel=\"noopener noreferrer\" target=\"_blank\">El Imparcial<\/a>)<\/p>\n<p>Zu Hause in Madrid erkl\u00e4rt Vargas Llosa, was ein wahrhaft freies Leben ausmacht \u2013 und welche politischen Str\u00f6mungen dieses derzeit besonders bedrohen.<\/p>\n<p>Er ist einer der gro\u00dfen Schriftsteller unserer Zeit, und einer der wichtigsten politischen Denker. Im Gespr\u00e4ch mit <a href=\"https:\/\/de.wikipedia.org\/wiki\/Wolfram_Eilenberger\" rel=\"noopener noreferrer\" target=\"_blank\">Wolfram Eilenberger<\/a> spricht der Literaturnobelpreistr\u00e4ger Mario Vargas Llosa \u00fcber die Kraft der Fiktion, dem Sieg der Bilder \u00fcber die Ideen, die Bedrohung durch den Populismus und die philosophischen Quellen seines Schaffens.<\/p>\n<p><iframe loading=\"lazy\" width=\"560\" height=\"315\" src=\"https:\/\/www.youtube.com\/embed\/vbj3bNPxAyU\" frameborder=\"0\" allow=\"accelerometer; autoplay; encrypted-media; gyroscope; picture-in-picture\" allowfullscreen><\/iframe><br \/>\nMario Vargas Llosa: Freiheit, die ich meine (Sternstunde Philosophie) \u2013 <a href=\"https:\/\/de.wikipedia.org\/wiki\/Schweizer_Radio_und_Fernsehen\" rel=\"noopener noreferrer\" target=\"_blank\">SRF<\/a> 2019<\/p>\n<p><strong>Zuletzt:<\/strong><\/p>\n<p>F\u00fcr die, die es nicht schlimm finden, wenn sie aller Orten (im Internet, per Videokamera usw.) \u00fcberwacht werden: <\/p>\n<p><em>\u201eZu sagen, das Recht auf Privatsph\u00e4re sei egal, weil man nichts zu verbergen hat, ist nicht anders als zu sagen, Meinungsfreiheit sei egal, weil man keine Meinung hat.\u201c<\/em> <a href=\"https:\/\/de.wikipedia.org\/wiki\/Edward_Snowden\" rel=\"noopener noreferrer\" target=\"_blank\">Edward Snowden<\/a><\/p>\n","protected":false},"excerpt":{"rendered":"<p>Trump \u2013 Klappe, die erste: Und jetzt \u2026 NICHT ins fu**in\u2018 Wei\u00dfe Haus Auf die Frage in einem Interview hin, ob sie bei einem Sieg der US-amerikanischen Mannschaft bei der Fu\u00dfball-WM der Frauen einer Einladung des Pr\u00e4sidenten ihres Landes in dessen Amtssitz Folge leisten w\u00fcrde, antwortete Megan Rapinoe: \u201eIch gehe nicht ins fu**ing Wei\u00dfe Haus!\u201c &hellip; <a href=\"https:\/\/willizblog.de\/?p=10544\" class=\"more-link\"><span class=\"screen-reader-text\">Dit un dat im Internet (9)<\/span> weiterlesen <span class=\"meta-nav\">&rarr;<\/span><\/a><\/p>\n","protected":false},"author":1,"featured_media":0,"comment_status":"open","ping_status":"open","sticky":false,"template":"","format":"standard","meta":[],"categories":[39,3,20],"tags":[],"_links":{"self":[{"href":"https:\/\/willizblog.de\/index.php?rest_route=\/wp\/v2\/posts\/10544"}],"collection":[{"href":"https:\/\/willizblog.de\/index.php?rest_route=\/wp\/v2\/posts"}],"about":[{"href":"https:\/\/willizblog.de\/index.php?rest_route=\/wp\/v2\/types\/post"}],"author":[{"embeddable":true,"href":"https:\/\/willizblog.de\/index.php?rest_route=\/wp\/v2\/users\/1"}],"replies":[{"embeddable":true,"href":"https:\/\/willizblog.de\/index.php?rest_route=%2Fwp%2Fv2%2Fcomments&post=10544"}],"version-history":[{"count":0,"href":"https:\/\/willizblog.de\/index.php?rest_route=\/wp\/v2\/posts\/10544\/revisions"}],"wp:attachment":[{"href":"https:\/\/willizblog.de\/index.php?rest_route=%2Fwp%2Fv2%2Fmedia&parent=10544"}],"wp:term":[{"taxonomy":"category","embeddable":true,"href":"https:\/\/willizblog.de\/index.php?rest_route=%2Fwp%2Fv2%2Fcategories&post=10544"},{"taxonomy":"post_tag","embeddable":true,"href":"https:\/\/willizblog.de\/index.php?rest_route=%2Fwp%2Fv2%2Ftags&post=10544"}],"curies":[{"name":"wp","href":"https:\/\/api.w.org\/{rel}","templated":true}]}}