{"id":10554,"date":"2019-08-15T11:20:33","date_gmt":"2019-08-15T11:20:33","guid":{"rendered":"https:\/\/willizblog.de\/?p=10554"},"modified":"2019-08-15T11:30:05","modified_gmt":"2019-08-15T11:30:05","slug":"idar-oberstein-stadt-der-1000-schleichwege-und-der-100-000-treppenstufen","status":"publish","type":"post","link":"https:\/\/willizblog.de\/?p=10554","title":{"rendered":"Idar-Oberstein (01): Stadt der 1000 Schleichwege und der 100.000 Treppenstufen"},"content":{"rendered":"<p>Ab 20. Juli verbrachte ich mit meiner Frau zwei Wochen in der <em>Edelsteinstadt<\/em> <a href=\"https:\/\/www.idar-oberstein.de\/\" rel=\"noopener noreferrer\" target=\"_blank\">Idar-Oberstein<\/a>, einer Stadt von rund 30.000 Einwohnern, die am s\u00fcdlichen Rand des <a href=\"https:\/\/de.wikipedia.org\/wiki\/Hunsr%C3%BCck\" rel=\"noopener noreferrer\" target=\"_blank\">Hunsr\u00fccks<\/a> und beidseitig der <a href=\"https:\/\/de.wikipedia.org\/wiki\/Nahe_(Rhein)\" rel=\"noopener noreferrer\" target=\"_blank\">Nahe<\/a>, einem Nebenfluss des Rheins, liegt. Meine Frau ist Steinesammlerin. Und Idar-Oberstein als ein Mittelpunkt der Verarbeitung und des Handels mit Edelsteinen (und fr\u00fcher auch der Gewinnung solcher, denn in der Region um den Ort gibt es nat\u00fcrliche <a href=\"https:\/\/de.wikipedia.org\/wiki\/Achat\" rel=\"noopener noreferrer\" target=\"_blank\">Achat<\/a>-Vorkommen, auch <a href=\"https:\/\/de.wikipedia.org\/wiki\/Jaspis\" rel=\"noopener noreferrer\" target=\"_blank\">Jaspis<\/a> und <a href=\"https:\/\/de.wikipedia.org\/wiki\/Quarz#Bergkristall\" rel=\"noopener noreferrer\" target=\"_blank\">Bergkristall<\/a>) sollte sich als ein Paradies f\u00fcr meine Frau erweisen. Ausl\u00f6ser der Reise war ein Besuch einer Messe f\u00fcr <a href=\"https:\/\/www.mineralien-hamburg.de\/\" rel=\"noopener noreferrer\" target=\"_blank\">Mineralien in Hamburg<\/a> Ende des letzten Jahres.<\/p>\n<p>Wir waren mit der Bahn angereist (eigentlich mit einem Bus des Schienenersatzverkehrs, denn ab Bad Kreuznach fuhren wegen einer Baustelle keine Z\u00fcge \u2013 der Urlaub begann also nicht ganz so optimal) und hatten <a href=\"http:\/\/www.sonnenfewo-schlarb.de\/\" rel=\"noopener noreferrer\" target=\"_blank\">eine Ferienwohnung<\/a> im Stadtteil <a href=\"https:\/\/de.wikipedia.org\/wiki\/G%C3%B6ttschied\" rel=\"noopener noreferrer\" target=\"_blank\">G\u00f6ttschied<\/a>, der 1969 der Stadt Idar-Oberstein eingemeindet wurde. Von hier also starteten wir dann unsere \u201aExkursionen\u2018.<\/p>\n<p>Idar-Oberstein (\u00e4hnlich wie in Garmisch-Partenkirchen legen die beiden Stadtteile Idar und Oberstein Wert auf eine gewisse Eigenst\u00e4ndigkeit) zeichnet sich dadurch aus, das &#8211; zumindest gef\u00fchlt \u2013 neun von zehn Gesch\u00e4ften Schmuckl\u00e4den bzw. L\u00e4den f\u00fcr Edelsteine in der unterschiedlichsten Verarbeitung sind. Hier gibt es Ware f\u00fcr jeden, also f\u00fcr den dicken und den schmalen Geldbeutel, f\u00fcr Otto Normalverbraucher wie f\u00fcr arabische Scheichs. Sp\u00e4testens nach einer Woche hatte ich die Nase voll von solchen Gesch\u00e4ften.<\/p>\n<p>Und \u2013 wenigstens kam es mir so vor \u2013 ist es die Stadt der 1000 Schleichwege und 100.000 Treppenstufen (nicht umsonst wird j\u00e4hrlich <a href=\"https:\/\/www.idar-oberstein.de\/rat-verwaltung\/stadtverwaltung\/pressearchiv\/details\/2019\/8\/8\/neuer-wanderpokal-fuer-den-treppenlauf\/\" rel=\"noopener noreferrer\" target=\"_blank\">ein Treppenlauf<\/a> veranstaltet). Hinter jedem zweiten Haus verbirgt sich ein Schleichweg, der je nach Richtung hinab oder bergan f\u00fchrt. Das dann meist auch \u00fcber eine gr\u00f6\u00dfere Anzahl von Stufen. Den Weg vom Stadtteil G\u00f6ttschied nach Oberstein konnten wir auf unterschiedlichste Weise bew\u00e4ltigen. Neben der Fahrt mit dem Stadtbus gab es dank der vielen Schleichwege kurze wie l\u00e4ngere Strecken \u00fcber Stock und Stein oder l\u00e4ngst der Stra\u00dfen. Der sch\u00f6nere dieser Weg (\u00fcber die Obersteiner Stra\u00dfe) f\u00fchrte direkt in das Pfaffenw\u00e4ldchen und dort zum <a href=\"https:\/\/www.schloss-oberstein.de\/index.php\/de\/\" rel=\"noopener noreferrer\" target=\"_blank\">Schloss Oberstein<\/a> (Foto 1), das wir nat\u00fcrlich auch besuchten. Es ist ziemlich spartanisch und so eher nach meinem Geschmack eingerichtet (fernab der Glitzerwelt der Edelsteine). Ein Zimmer dient u.a. auch als Standesamt. Bemerkenswert dabei: f\u00fcr dringende Bed\u00fcrfnisse gibt es hier zwei Ausbuchtungen (Foto 3), wenn auch ohne T\u00fcren, daf\u00fcr mit Bel\u00fcftung von unten, deren \u201aErgebnisse\u2018 gleich dem Bewuchs unterhalb des Schlosses (Foto 2 \u2013 ziemlich in der Bildmitte sind zwei Ausbuchtungen sichtbar) als D\u00fcnger zu Gute kommen. Nat\u00fcrlich musste ich einen Blick durch die \u00d6ffnung eines der stillen \u00d6rtlichkeiten werfen (Foto 4).<\/p>\n<p><img src=\"https:\/\/www.willizblog.de\/pics\/idar_oberstein2019_schloss_oberstein01.jpg\" alt=\"Foto 1: Schloss Oberstein\" title=\"Foto 1: Schloss Oberstein\" \/><br \/>\nFoto 1: Schloss Oberstein<\/p>\n<p><img src=\"https:\/\/www.willizblog.de\/pics\/idar_oberstein2019_schloss_oberstein02.jpg\" alt=\"Foto 2: Schloss Oberstein \u2013 in der Bildmitte die Ausbuchtungen f\u00fcr die \u2018Schei\u00dfh\u00e4user\u2019\" title=\"Foto 2: Schloss Oberstein \u2013 in der Bildmitte die Ausbuchtungen f\u00fcr die \u2018Schei\u00dfh\u00e4user\u2019\" \/><br \/>\nFoto 2: Schloss Oberstein \u2013 in der Bildmitte die Ausbuchtungen f\u00fcr die \u2018Schei\u00dfh\u00e4user\u2019<\/p>\n<p><img src=\"https:\/\/www.willizblog.de\/pics\/idar_oberstein2019_schloss_oberstein03.jpg\" alt=\"Foto 3: Schloss Oberstein \u2013 Willi inspiziert ein \u201aSchei\u00dfhaus\u2018\" title=\"Foto 3: Schloss Oberstein \u2013 Willi inspiziert ein \u201aSchei\u00dfhaus\u2018\" \/><br \/>\nFoto 3: Schloss Oberstein \u2013 Willi inspiziert ein \u201aSchei\u00dfhaus\u2018<\/p>\n<p><img src=\"https:\/\/www.willizblog.de\/pics\/idar_oberstein2019_schloss_stiller_ort.jpg\" alt=\"Foto 4: Schloss Oberstein \u2013 Willi schaut durch die \u00d6ffnung eines \u201aSchei\u00dfhauses\u2018\" title=\"Foto 4: Schloss Oberstein \u2013 Willi schaut durch die \u00d6ffnung eines \u201aSchei\u00dfhauses\u2018\" \/><br \/>\nFoto 4: Schloss Oberstein \u2013 Willi schaut durch die \u00d6ffnung eines \u201aSchei\u00dfhauses\u2018<\/p>\n<p>Waren wir den Weg weitergegangen, so kamen wir an den \u00dcberresten der <a href=\"https:\/\/www.schloss-oberstein.de\/index.php\/de\/schloss-oberstein\/geschichte\/burg-bosselstein\" rel=\"noopener noreferrer\" target=\"_blank\">Burg Bosselstein<\/a> (Foto 5) vorbei. Eine Besichtigung ist wohl wegen der Bauf\u00e4lligkeit des Gem\u00e4uers leider nicht m\u00f6glich. Durch ihre Lage auf einem Bergsporn, dem \u00e4u\u00dfersten Fortsatz eines Bergr\u00fcckens, musste nur die Hangseite durch Verteidigungsanlagen gesichert werden, die anderen drei Seiten waren durch steile Abh\u00e4nge gesch\u00fctzt. Erbaut wurde die Burg um 1200 herum.<\/p>\n<p><img src=\"https:\/\/www.willizblog.de\/pics\/idar_oberstein2019_burg_bosselstein.jpg\" alt=\"Foto 5: Burg Bosselstein\" title=\"Foto 5: Burg Bosselstein\" \/><br \/>\nFoto 5: Burg Bosselstein<\/p>\n<p>Schloss, Burg und Felsenkirche, das eigentliche Wahrzeichen der Stadt, sind von der Nahe her gut sichtbar. Sie thronen gewisserma\u00dfen \u00fcber der Stadt. Meine Frau interessierte dabei besonders die <a href=\"https:\/\/www.felsenkirche-oberstein.de\/\" rel=\"noopener noreferrer\" target=\"_blank\">Felsenkirche<\/a> (Foto 6 und mit Teilen der Stadt auf Foto 7), also einer Kirche, die in den Felsen hineingebaut wurde.<\/p>\n<p><img src=\"https:\/\/www.willizblog.de\/pics\/idar_oberstein2019_felsenkirche01.jpg\" alt=\"Foto 6: Felsenkirche von Idar-Oberstein\" title=\"Foto 6: Felsenkirche von Idar-Oberstein\" \/><br \/>\nFoto 6: Felsenkirche von Idar-Oberstein<\/p>\n<p><img src=\"https:\/\/www.willizblog.de\/pics\/idar_oberstein2019_felsenkirche02.jpg\" alt=\"Foto 7: Felsenkirche von Idar-Oberstein samt Teile der Stadt\" title=\"Foto 7: Felsenkirche von Idar-Oberstein samt Teile der Stadt\" \/><br \/>\nFoto 7: Felsenkirche von Idar-Oberstein samt Teile der Stadt<\/p>\n<p>\u201eIm Zuge der <a href=\"https:\/\/www.felsenkirche-oberstein.de\/2019\/08\/12\/felssicherungsarbeiten-an-der-felsenkirche\/\" rel=\"noopener noreferrer\" target=\"_blank\">Felssicherungsarbeiten im Umfeld der Felsenkirche<\/a> (Foto 8) muss der zun\u00e4chst f\u00fcr das kommende Jahr geplante II. Bauabschnitt vorgezogen werden. Bei einer geologischen Untersuchung des betreffenden Areals stellte sich heraus, dass dieses in einem derart schlechten Zustand ist, dass dort umgehend eine Sofortma\u00dfnahme durchgef\u00fchrt werden muss.\u201c Mithin ist die Kirche bis mindestens Ende 2020 geschlossen und somit nicht zug\u00e4ngig. <\/p>\n<p><img src=\"https:\/\/www.willizblog.de\/pics\/idar_oberstein2019_felsenkirche_felssicherung.jpg\" alt=\"Foto 8: Felssicherungsarbeiten bei der Felsenkirche von Idar-Oberstein\" title=\"Foto 8: Felssicherungsarbeiten bei der Felsenkirche von Idar-Oberstein\" \/><br \/>\nFoto 8: Felssicherungsarbeiten bei der Felsenkirche von Idar-Oberstein<\/p>\n<p>Nat\u00fcrlich war meine Frau etwas entt\u00e4uscht. Denn gern h\u00e4tte sie (und auch ich) die Kirche besucht, die durch einen Tunnel zu betreten ist. Vielleicht sp\u00e4ter einmal. Soviel zu den offensichtlicheren Sehensw\u00fcrdigkeiten von Idar-Oberstein. Zur Glitzerwelt der Edelsteine und der Besichtigung eines Kupfer- und eines Edelsteinbergwerkes (samt Besuch einer Edelstein-Schleife) dann sp\u00e4ter etwas.<\/p>\n","protected":false},"excerpt":{"rendered":"<p>Ab 20. Juli verbrachte ich mit meiner Frau zwei Wochen in der Edelsteinstadt Idar-Oberstein, einer Stadt von rund 30.000 Einwohnern, die am s\u00fcdlichen Rand des Hunsr\u00fccks und beidseitig der Nahe, einem Nebenfluss des Rheins, liegt. Meine Frau ist Steinesammlerin. Und Idar-Oberstein als ein Mittelpunkt der Verarbeitung und des Handels mit Edelsteinen (und fr\u00fcher auch der &hellip; <a href=\"https:\/\/willizblog.de\/?p=10554\" class=\"more-link\"><span class=\"screen-reader-text\">Idar-Oberstein (01): Stadt der 1000 Schleichwege und der 100.000 Treppenstufen<\/span> weiterlesen <span class=\"meta-nav\">&rarr;<\/span><\/a><\/p>\n","protected":false},"author":1,"featured_media":0,"comment_status":"open","ping_status":"open","sticky":false,"template":"","format":"standard","meta":[],"categories":[10],"tags":[],"_links":{"self":[{"href":"https:\/\/willizblog.de\/index.php?rest_route=\/wp\/v2\/posts\/10554"}],"collection":[{"href":"https:\/\/willizblog.de\/index.php?rest_route=\/wp\/v2\/posts"}],"about":[{"href":"https:\/\/willizblog.de\/index.php?rest_route=\/wp\/v2\/types\/post"}],"author":[{"embeddable":true,"href":"https:\/\/willizblog.de\/index.php?rest_route=\/wp\/v2\/users\/1"}],"replies":[{"embeddable":true,"href":"https:\/\/willizblog.de\/index.php?rest_route=%2Fwp%2Fv2%2Fcomments&post=10554"}],"version-history":[{"count":0,"href":"https:\/\/willizblog.de\/index.php?rest_route=\/wp\/v2\/posts\/10554\/revisions"}],"wp:attachment":[{"href":"https:\/\/willizblog.de\/index.php?rest_route=%2Fwp%2Fv2%2Fmedia&parent=10554"}],"wp:term":[{"taxonomy":"category","embeddable":true,"href":"https:\/\/willizblog.de\/index.php?rest_route=%2Fwp%2Fv2%2Fcategories&post=10554"},{"taxonomy":"post_tag","embeddable":true,"href":"https:\/\/willizblog.de\/index.php?rest_route=%2Fwp%2Fv2%2Ftags&post=10554"}],"curies":[{"name":"wp","href":"https:\/\/api.w.org\/{rel}","templated":true}]}}