{"id":1056,"date":"2008-01-01T00:22:22","date_gmt":"2007-12-31T22:22:22","guid":{"rendered":"http:\/\/www.albinz.de\/blog\/?p=1056"},"modified":"2008-01-01T00:22:22","modified_gmt":"2007-12-31T22:22:22","slug":"weltwarts-gerichtet","status":"publish","type":"post","link":"https:\/\/willizblog.de\/?p=1056","title":{"rendered":"Weltw\u00e4rts gerichtet"},"content":{"rendered":"<p>Mein Sohn Jan beabsichtigt nach bestandenem Abitur seinen Ersatzdienst in Form eines Freiwilligendienstes in Peru zu leisten. Ein fr\u00fcher in Tostedt t\u00e4tiger Pastor arbeitet in einer Gemeinde in Peru und w\u00e4re erfreut, wenn ein jugendliches Mitglied seiner alten Gemeinde aus Deutschland seine T\u00e4tigkeit in S\u00fcdamerika f\u00fcr ein Jahr unterst\u00fctzen w\u00fcrde.<\/p>\n<p>Immer mehr junge Menschen in Deutschland wollen nach Schule oder Ausbildung einen Freiwilligendienst in Afrika, Lateinamerika, Osteuropa oder Asien absolvieren. In einer Welt, in der globale Verantwortung und interkulturelle Zusammenarbeit immer wichtiger werden, hat der Dienst in einem Entwicklungsland unsch\u00e4tzbaren Wert: Von und mit anderen zu lernen, benachteiligten Menschen zu helfen und Verantwortung f\u00fcr eine nachhaltige Entwicklung zu \u00fcbernehmen.<\/p>\n<p>Das Bundesministerium f\u00fcr wirtschaftliche Zusammenarbeit und Entwicklung vermittelt einen neuen entwicklungspolitischen Freiwilligendienst, genannt <a href=\"http:\/\/www.weltwaerts.de\/\" target=\"_blank\">Weltw\u00e4rts<\/a>.<\/p>\n<p>Die Nachfrage \u00fcbersteigt derzeit die Zahl der Einsatzpl\u00e4tze bei weitem. Und f\u00fcr viele junge Menschen ist die notwendige Kostenbeteiligung eine hohe H\u00fcrde. Daher hat das genannte Ministerium jetzt das F\u00f6rderprogramm weltw\u00e4rts ins Leben gerufen. Mit einem j\u00e4hrlichen Finanzvolumen von 70 Millionen Euro werden ab 2008 bis zu 10.000 Einsatzpl\u00e4tze pro Jahr erm\u00f6glicht. F\u00fcr die Umsetzung greift man auf die bew\u00e4hrten Strukturen in Deutschland zur\u00fcck. Bereits \u00fcber 200 erfahrene Organisationen und Kommunen wollen sich an dem F\u00f6rderprogramm beteiligen. Wenn noch weitere neue und kleinere Organisationen hinzuk\u00e4men, w\u00e4re das eine gute Sache.<\/p>\n<p><img src=\"https:\/\/www.willizblog.de\/albpics\/weltwaerts.jpg\" alt=\"Jungen Menschen: Weltw\u00e4rts gerichtet\" \/><\/p>\n<p>Wichtig ist dabei die Anerkennung des Freiwilligendienstes als Zivildienst:<br \/>\nAnerkannte Kriegsdienstverweigerer k\u00f6nnen nach \u00a7 14 b Zivildienstgesetz \u00fcber \u201eweltw\u00e4rts\u201c einen Freiwilligendienst leisten, der unter drei Voraussetzungen als Ersatz f\u00fcr den Zivildienst anerkannt wird.<br \/>\n1. Der Freiwilligendienst \u00fcber \u201eweltw\u00e4rts\u201c dauert mindestens zwei Monate l\u00e4nger als der \u00fcbliche Zivildienst von derzeit neun Monaten. (Die meisten Stellen bei \u201eweltw\u00e4rts\u201c werden \u00fcber zw\u00f6lf oder mehr Monate angeboten.)<br \/>\n2. Der Freiwilligendienst \u00fcber \u201eweltw\u00e4rts\u201c muss vor Vollendung des 23. Lebensjahres angetreten und vor Vollendung des 24. Lebensjahres beendet sein.<br \/>\n3. Der Freiwilligendienst \u00fcber \u201eweltw\u00e4rts\u201c erfolgt bei einer Entsendeorganisation, deren Einsatzplatz vom Bundesministerium f\u00fcr Familie, Senioren, Frauen und Jugend (BMFSFJ) als Tr\u00e4ger bzw. Projektstelle des &#8222;Anderen Dienstes im Ausland&#8220; anerkannt ist. Diese Organisationen sind in der Stellenb\u00f6rse entsprechend gekennzeichnet.<\/p>\n<p>Ich denke, dass der Freiwilligendienst eine gute Sache ist. Die Unterst\u00fctzung mit F\u00f6rdermittel ist noch z\u00f6gerlich, eine baldige Aufstockung der Gelder daher n\u00f6tig. Der globalen Vermarktung ist eine globale Verantwortungsbereitschaft durch junge Menschen entgegenzustellen.<\/p>\n","protected":false},"excerpt":{"rendered":"<p>Mein Sohn Jan beabsichtigt nach bestandenem Abitur seinen Ersatzdienst in Form eines Freiwilligendienstes in Peru zu leisten. Ein fr\u00fcher in Tostedt t\u00e4tiger Pastor arbeitet in einer Gemeinde in Peru und w\u00e4re erfreut, wenn ein jugendliches Mitglied seiner alten Gemeinde aus Deutschland seine T\u00e4tigkeit in S\u00fcdamerika f\u00fcr ein Jahr unterst\u00fctzen w\u00fcrde. Immer mehr junge Menschen in &hellip; <a href=\"https:\/\/willizblog.de\/?p=1056\" class=\"more-link\"><span class=\"screen-reader-text\">Weltw\u00e4rts gerichtet<\/span> weiterlesen <span class=\"meta-nav\">&rarr;<\/span><\/a><\/p>\n","protected":false},"author":1,"featured_media":0,"comment_status":"open","ping_status":"closed","sticky":false,"template":"","format":"standard","meta":[],"categories":[20,2],"tags":[],"_links":{"self":[{"href":"https:\/\/willizblog.de\/index.php?rest_route=\/wp\/v2\/posts\/1056"}],"collection":[{"href":"https:\/\/willizblog.de\/index.php?rest_route=\/wp\/v2\/posts"}],"about":[{"href":"https:\/\/willizblog.de\/index.php?rest_route=\/wp\/v2\/types\/post"}],"author":[{"embeddable":true,"href":"https:\/\/willizblog.de\/index.php?rest_route=\/wp\/v2\/users\/1"}],"replies":[{"embeddable":true,"href":"https:\/\/willizblog.de\/index.php?rest_route=%2Fwp%2Fv2%2Fcomments&post=1056"}],"version-history":[{"count":0,"href":"https:\/\/willizblog.de\/index.php?rest_route=\/wp\/v2\/posts\/1056\/revisions"}],"wp:attachment":[{"href":"https:\/\/willizblog.de\/index.php?rest_route=%2Fwp%2Fv2%2Fmedia&parent=1056"}],"wp:term":[{"taxonomy":"category","embeddable":true,"href":"https:\/\/willizblog.de\/index.php?rest_route=%2Fwp%2Fv2%2Fcategories&post=1056"},{"taxonomy":"post_tag","embeddable":true,"href":"https:\/\/willizblog.de\/index.php?rest_route=%2Fwp%2Fv2%2Ftags&post=1056"}],"curies":[{"name":"wp","href":"https:\/\/api.w.org\/{rel}","templated":true}]}}