{"id":10572,"date":"2019-08-26T07:18:39","date_gmt":"2019-08-26T07:18:39","guid":{"rendered":"https:\/\/willizblog.de\/?p=10572"},"modified":"2019-08-26T07:19:19","modified_gmt":"2019-08-26T07:19:19","slug":"idar-oberstein-04-in-kuehle-tiefen","status":"publish","type":"post","link":"https:\/\/willizblog.de\/?p=10572","title":{"rendered":"Idar-Oberstein (04): In k\u00fchle Tiefen"},"content":{"rendered":"<p>W\u00e4hrend unseres Urlaubs in <a href=\"https:\/\/www.idar-oberstein.de\/\" rel=\"noopener noreferrer\" target=\"_blank\">Idar-Oberstein<\/a> tauchten wir, als es besonders hei\u00df war, in k\u00fchlende Tiefen ab. Meine Frau und ich besuchten so das <a href=\"http:\/\/www.besucherbergwerk-fischbach.de\/\" rel=\"noopener noreferrer\" target=\"_blank\">historische Kupferbergwerk<\/a> in <a href=\"https:\/\/www.fischbach-nahe.de\/\" rel=\"noopener noreferrer\" target=\"_blank\">Fischbach<\/a> und stiegen dabei nicht nur in etwa 11 \u00b0 C erfrischende unterirdische Stollen, sondern auch in die Arbeitswelt unter Tage des Mittelalters ein.<\/p>\n<p>Um sich nicht \u201adie Birne\u2018 anzusto\u00dfen, mussten wir Schutzhelme aufsetzen. Und schon stiegen wir hinab in die gro\u00dfartigen Weitungen, die riesigen Abbauhohlr\u00e4ume und die weit verzweigten Systeme von Stollen und Sch\u00e4chten, die ein eindrucksvolles Bild des mittelalterlichen Bergbaus vermitteln.<\/p>\n<p><img src=\"https:\/\/www.willizblog.de\/pics\/idar_oberstein2019_edelsteinmine_helme.jpg\" alt=\"Kupferbergwerk Fischbach: Willi und Frau mit Schutzhelmen\" title=\"Kupferbergwerk Fischbach: Willi und Frau mit Schutzhelmen\" \/><br \/>\nKupferbergwerk Fischbach: Willi und Frau mit Schutzhelmen<\/p>\n<p>Das Bergwerk wird auch genutzt, um einen <a href=\"http:\/\/www.besucherbergwerk-fischbach.de\/wir-ueber-uns\/224-bergkaese-gereift-im-innern-des-kupferbergwerks-fischbach\" rel=\"noopener noreferrer\" target=\"_blank\">Rohmilchk\u00e4se der Sorte \u201eAlter Steiger\u201c<\/a> reifen zu lassen. Der K\u00e4se kann auch k\u00e4uflich erworben werden, was wir dann auch taten.<\/p>\n<p><img src=\"https:\/\/www.willizblog.de\/pics\/idar_oberstein2019_kaese_alter_steiger.jpg\" alt=\"Kupferbergwerk Fischbach: Reifung des Rohmilchk\u00e4se \u201aAlter Steiger\u2018\" title=\"Kupferbergwerk Fischbach: Reifung des Rohmilchk\u00e4se \u201aAlter Steiger\u2018\" \/><br \/>\nKupferbergwerk Fischbach: Reifung des Rohmilchk\u00e4se \u201aAlter Steiger\u2018<\/p>\n<p>Besonders sehenswert ist nat\u00fcrlich das <a href=\"http:\/\/www.edelsteinminen-idar-oberstein.de\/die-edelsteinminen.html\" rel=\"noopener noreferrer\" target=\"_blank\">Edelsteinbergwerk im Steinkaulenberg<\/a> in Idar-Oberstein. Die zu begehende Strecke unter Tage ist rund 400 m lang. Sachkundige Fremdenf\u00fchrer begleiten die G\u00e4ste \u2013 mit Schutzhelm ausgestattet \u2013 durch das Stollenlabyrinth. An den einzelnen Stationen wird anschaulich die Entstehung der Edelsteine, die Geschichte der Edelsteingr\u00e4ber und die Weiterverarbeitung der Edelsteine vorgetragen. Dabei k\u00f6nnen die hier vorkommenden 5 Steinarten des Steinkaulenberges (Achat \u2013 Amethyst \u2013 Bergkristall \u2013 Rauchquarz \u2013 Jaspis) im Muttergestein bewundert werden.<\/p>\n<p><img src=\"https:\/\/www.willizblog.de\/pics\/idar_oberstein2019_edelsteinmine01.jpg\" alt=\"Edelsteinbergwerk im Steinkaulenberg in Idar-Oberstein\" title=\"Edelsteinbergwerk im Steinkaulenberg in Idar-Oberstein\" \/><br \/>\nEdelsteinbergwerk im Steinkaulenberg in Idar-Oberstein<\/p>\n<p>Besonders die Achat-Vorkommen und das Graben danach wurden bereits im Mittelalter erw\u00e4hnt.1875 wurde der Abbau dann eingestellt. Zuvor waren bereits zwei Generationen Idar-Obersteiner im Minenbau Brasiliens t\u00e4tig und schafften in reichen Mengen neues Rohmaterial zur Weiterf\u00fchrung der Edelsteinindustrie heran.<\/p>\n<p>Erst nach der Gr\u00fcndung des F\u00f6rdervereins Steinkaulenberg im Jahre 1978 wurden in enger Zusammenarbeit mit der Stadt Idar-Oberstein, dem Bergamt Rheinland-Pfalz und der Arbeitsverwaltung in m\u00fchevoller Arbeit die meist zugefallenen Stollen ausger\u00e4umt und nach und nach f\u00fcr den Fremdenverkehr erschlossen.<\/p>\n<p><img src=\"https:\/\/www.willizblog.de\/pics\/idar_oberstein2019_edelsteinmine02.jpg\" alt=\"Edelsteinbergwerk im Steinkaulenberg in Idar-Oberstein\" title=\"Edelsteinbergwerk im Steinkaulenberg in Idar-Oberstein\" \/><br \/>\nEdelsteinbergwerk im Steinkaulenberg in Idar-Oberstein<\/p>\n<p>Die Suche und der Abbau der Edelsteine waren nat\u00fcrlich sehr m\u00fchselig. Beim Ausr\u00e4umen der zugefallenen Stollen wurde altes Werkzeug gefunden, das dies belegt.<\/p>\n<p><img src=\"https:\/\/www.willizblog.de\/pics\/idar_oberstein2019_edelsteinmine_werkzeug.jpg\" alt=\"Edelsteinbergwerk im Steinkaulenberg in Idar-Oberstein: altes Werkzeug zum Abbau\" title=\"Edelsteinbergwerk im Steinkaulenberg in Idar-Oberstein: altes Werkzeug zum Abbau\" \/><br \/>\nEdelsteinbergwerk im Steinkaulenberg in Idar-Oberstein: altes Werkzeug zum Abbau<\/p>\n<p>Das Edelsteinbergwerk ist auch als bekannter deutscher Fundort f\u00fcr <a href=\"https:\/\/de.wikipedia.org\/wiki\/Amethyst#Bildung_und_Fundorte\" rel=\"noopener noreferrer\" target=\"_blank\">Amethyst<\/a> bekannt. Die einzigartige und bekannte blau-violette F\u00e4rbung ist dort durch die Metalle im Bergmassiv gegeben. Der Mineralabbau ist dort mittlerweile l\u00e4ngst verboten.<\/p>\n<p><img src=\"https:\/\/www.willizblog.de\/pics\/idar_oberstein2019_edelsteinmine_amethyst.jpg\" alt=\"Edelsteinbergwerk im Steinkaulenberg in Idar-Oberstein: Amethyst\" title=\"Edelsteinbergwerk im Steinkaulenberg in Idar-Oberstein: Amethyst\" \/><br \/>\nEdelsteinbergwerk im Steinkaulenberg in Idar-Oberstein: Amethyst<\/p>\n<p>Keine Frage: Die Besichtigung dieses Edelsteinbergwerks sollten sich G\u00e4ste, die nach Idar-Oberstein kommen, auf keinen Fall entgehen lassen. Hier ist man gewisserma\u00dfen vor Ort. Und wenn es drau\u00dfen br\u00fctend hei\u00df ist (wie bei uns), dann ist so ein Gang durch den Besucherstollen zudem eine erfrischende Angelegenheit.<\/p>\n","protected":false},"excerpt":{"rendered":"<p>W\u00e4hrend unseres Urlaubs in Idar-Oberstein tauchten wir, als es besonders hei\u00df war, in k\u00fchlende Tiefen ab. Meine Frau und ich besuchten so das historische Kupferbergwerk in Fischbach und stiegen dabei nicht nur in etwa 11 \u00b0 C erfrischende unterirdische Stollen, sondern auch in die Arbeitswelt unter Tage des Mittelalters ein. Um sich nicht \u201adie Birne\u2018 &hellip; <a href=\"https:\/\/willizblog.de\/?p=10572\" class=\"more-link\"><span class=\"screen-reader-text\">Idar-Oberstein (04): In k\u00fchle Tiefen<\/span> weiterlesen <span class=\"meta-nav\">&rarr;<\/span><\/a><\/p>\n","protected":false},"author":1,"featured_media":0,"comment_status":"open","ping_status":"open","sticky":false,"template":"","format":"standard","meta":[],"categories":[10],"tags":[],"_links":{"self":[{"href":"https:\/\/willizblog.de\/index.php?rest_route=\/wp\/v2\/posts\/10572"}],"collection":[{"href":"https:\/\/willizblog.de\/index.php?rest_route=\/wp\/v2\/posts"}],"about":[{"href":"https:\/\/willizblog.de\/index.php?rest_route=\/wp\/v2\/types\/post"}],"author":[{"embeddable":true,"href":"https:\/\/willizblog.de\/index.php?rest_route=\/wp\/v2\/users\/1"}],"replies":[{"embeddable":true,"href":"https:\/\/willizblog.de\/index.php?rest_route=%2Fwp%2Fv2%2Fcomments&post=10572"}],"version-history":[{"count":0,"href":"https:\/\/willizblog.de\/index.php?rest_route=\/wp\/v2\/posts\/10572\/revisions"}],"wp:attachment":[{"href":"https:\/\/willizblog.de\/index.php?rest_route=%2Fwp%2Fv2%2Fmedia&parent=10572"}],"wp:term":[{"taxonomy":"category","embeddable":true,"href":"https:\/\/willizblog.de\/index.php?rest_route=%2Fwp%2Fv2%2Fcategories&post=10572"},{"taxonomy":"post_tag","embeddable":true,"href":"https:\/\/willizblog.de\/index.php?rest_route=%2Fwp%2Fv2%2Ftags&post=10572"}],"curies":[{"name":"wp","href":"https:\/\/api.w.org\/{rel}","templated":true}]}}