{"id":10576,"date":"2019-08-27T08:11:51","date_gmt":"2019-08-27T08:11:51","guid":{"rendered":"https:\/\/willizblog.de\/?p=10576"},"modified":"2019-08-27T08:11:51","modified_gmt":"2019-08-27T08:11:51","slug":"willis-plaudereien-3-die-welt-ist-voller-keime","status":"publish","type":"post","link":"https:\/\/willizblog.de\/?p=10576","title":{"rendered":"Willis Plaudereien (3): Die Welt ist voller Keime"},"content":{"rendered":"<p>Ich wei\u00df: Das geh\u00f6rt nicht hierher! Aber ich kann nicht anders: Es muss \u2018raus! Es sind nur noch wenige Arbeitstage bis zu meiner Rente. Dass ich keinen Bock mehr auf die Arbeit habe, ist von mir schon an anderer Stelle hier (<a href=\"https:\/\/willizblog.de\/?p=10538\" rel=\"noopener noreferrer\" target=\"_blank\">\u2026 wie 70 Einheiten Strafarbeit<\/a>) ge\u00e4u\u00dfert worden.<\/p>\n<p>Neben der Arbeit selbst sind es die deutlich l\u00e4nger gewordenen Fahrzeiten von zu Hause zur Arbeit und zur\u00fcck, die ich wenigstens sinnvoll zu nutzen wei\u00df. Es ist die Arbeitsstelle, die eine dauernde Baustelle ist. Und es ist das Schei\u00dfhaus!<\/p>\n<p>Ich habe in einem <a href=\"https:\/\/willizblog.de\/?p=1634\" rel=\"noopener noreferrer\" target=\"_blank\">Haus in der N\u00e4he des Schanzenviertels gearbeitet<\/a>. Vor einem Jahr sind wir dann an den Stadtrand kurz vor der Grenze zu Schleswig-Holstein umgezogen. Im alten Haus war meine Dienststelle (so nennt es sich) \u00fcber viele Stockwerke verteilt. Im neuen Haus arbeite ich mit meinen Kolleg*innen nur noch auf einem Stockwerk. Das zeigt sich nun auch an der geringeren Anzahl der Toiletten. So teile ich mir mit allen m\u00e4nnlichen Kollegen die wenigen, \u201a\u00fcbriggebliebenen\u2018 Schei\u00dfh\u00e4user.<\/p>\n<p><img src=\"https:\/\/www.willizblog.de\/pics\/willi_mit_helm_2019_idar_obersteinunscharf.jpg\" alt=\"Willi mit Helm - unscharf (Edelsteinminen Idar-Oberstein Juli 2019)\" title=\"Willi mit Helm - unscharf (Edelsteinminen Idar-Oberstein Juli 2019)\" \/><br \/>\nWilli mit Helm &#8211; unscharf (Edelsteinminen Idar-Oberstein Juli 2019)<\/p>\n<p>Wir haben hier einige Spezies, die anscheinend einen gro\u00dfen Horror vor <a href=\"https:\/\/de.wikipedia.org\/wiki\/Krankheitserreger\" rel=\"noopener noreferrer\" target=\"_blank\">Krankheitskeimen<\/a> aller Art haben. Das \u00e4u\u00dfert sich z.B. darin, dass sie keine T\u00fcrklinken anfassen, sondern die T\u00fcren mit dem Ellenbogen \u00f6ffnen. Es \u00e4u\u00dfert sich aber auch in der Benutzung der WCs.<\/p>\n<p>Ich mag es nicht beschreiben, aber es ist widerlich. Es sieht so aus, als w\u00fcrden sie, wenn sie einer gro\u00dfen Notdurft nachkommen, das \u201afreih\u00e4ndig\u2018 erledigen. Mich wundert es nur, dass sie sich dabei nicht ihre eigenen Hosen beschei\u00dfen. Das f\u00fchrte u.a. dazu, dass eine intensive Bodenreinigung der Toilettenr\u00e4ume angeordnet werden musste.<\/p>\n<p>Wie kann so etwas m\u00f6glich sein. Bekackte, nur notd\u00fcrftig (sic!) gereinigte Klosch\u00fcsseln (wenigstens blieben die Klobrillen bisher verschont) tragen sicherlich nicht dazu bei, Krankheitskeime zu bek\u00e4mpfen. \u201aSauberkeitsfanatiker\u2018, die dem Hygienewahn erliegen, waren mir schon immer suspekt.<\/p>\n","protected":false},"excerpt":{"rendered":"<p>Ich wei\u00df: Das geh\u00f6rt nicht hierher! Aber ich kann nicht anders: Es muss \u2018raus! Es sind nur noch wenige Arbeitstage bis zu meiner Rente. Dass ich keinen Bock mehr auf die Arbeit habe, ist von mir schon an anderer Stelle hier (\u2026 wie 70 Einheiten Strafarbeit) ge\u00e4u\u00dfert worden. Neben der Arbeit selbst sind es die &hellip; <a href=\"https:\/\/willizblog.de\/?p=10576\" class=\"more-link\"><span class=\"screen-reader-text\">Willis Plaudereien (3): Die Welt ist voller Keime<\/span> weiterlesen <span class=\"meta-nav\">&rarr;<\/span><\/a><\/p>\n","protected":false},"author":1,"featured_media":0,"comment_status":"open","ping_status":"open","sticky":false,"template":"","format":"standard","meta":[],"categories":[30],"tags":[],"_links":{"self":[{"href":"https:\/\/willizblog.de\/index.php?rest_route=\/wp\/v2\/posts\/10576"}],"collection":[{"href":"https:\/\/willizblog.de\/index.php?rest_route=\/wp\/v2\/posts"}],"about":[{"href":"https:\/\/willizblog.de\/index.php?rest_route=\/wp\/v2\/types\/post"}],"author":[{"embeddable":true,"href":"https:\/\/willizblog.de\/index.php?rest_route=\/wp\/v2\/users\/1"}],"replies":[{"embeddable":true,"href":"https:\/\/willizblog.de\/index.php?rest_route=%2Fwp%2Fv2%2Fcomments&post=10576"}],"version-history":[{"count":0,"href":"https:\/\/willizblog.de\/index.php?rest_route=\/wp\/v2\/posts\/10576\/revisions"}],"wp:attachment":[{"href":"https:\/\/willizblog.de\/index.php?rest_route=%2Fwp%2Fv2%2Fmedia&parent=10576"}],"wp:term":[{"taxonomy":"category","embeddable":true,"href":"https:\/\/willizblog.de\/index.php?rest_route=%2Fwp%2Fv2%2Fcategories&post=10576"},{"taxonomy":"post_tag","embeddable":true,"href":"https:\/\/willizblog.de\/index.php?rest_route=%2Fwp%2Fv2%2Ftags&post=10576"}],"curies":[{"name":"wp","href":"https:\/\/api.w.org\/{rel}","templated":true}]}}