{"id":10580,"date":"2019-08-29T05:09:40","date_gmt":"2019-08-29T05:09:40","guid":{"rendered":"https:\/\/willizblog.de\/?p=10580"},"modified":"2019-08-28T11:17:15","modified_gmt":"2019-08-28T11:17:15","slug":"willis-plaudereien-4-alt-und-bloed","status":"publish","type":"post","link":"https:\/\/willizblog.de\/?p=10580","title":{"rendered":"Willis Plaudereien (4): Alt und bl\u00f6d"},"content":{"rendered":"<p>Fortsetzung von: <strong><a href=\"https:\/\/willizblog.de\/?p=10569\" rel=\"noopener noreferrer\" target=\"_blank\">Willis Plaudereien (2): Altwerden ist nichts f\u00fcr Feiglinge<\/a><\/strong><\/p>\n<p>Namen konnte ich mir schon immer nicht merken. Kreuzen sich meine Wege mit Menschen, die ich eigentlich kenne, wenigstens dem Aussehen nach, dann beginnt mein Gehirn zu arbeiten. Wie war doch gleich der Name? Werde ich namentlich gegr\u00fc\u00dft, dann murmele ich ein \u201eGuten Tag, Herr (oder: Frau) #grummelgrummel#!\u201c Am besten ist es, den Namen wegzulassen. Inzwischen habe ich es mir abgew\u00f6hnt, eingedenk dieser Ged\u00e4chtnisschw\u00e4che peinlich ber\u00fchrt zu sein.<\/p>\n<p>Ich glaube, dass es sogar keine Schw\u00e4che ist. Goethe vermerkte schon in seinem Faust Teil 1, dass Namen Schall und Rauch sind. Ich merke mir Gesichter, was eigentlich eine viel komplexere Ged\u00e4chtnisleistung verlangt. \u00dcberhaupt bin ich eher der <a href=\"https:\/\/willizblog.de\/?p=505\" rel=\"noopener noreferrer\" target=\"_blank\">visuelle Typ<\/a> und sitze manchmal auf meinen Ohren. Und so kommt es, dass mich Namen nicht \u201aber\u00fchren\u2018.<\/p>\n<p>Eine erste Folge des \u00c4lterwerdens ist, die Feststellung, ein Gesicht zwar schon einmal gesehen zu haben, aber nicht mehr zu wissen, woher \u2026 Da ist der Kampf intensiver als bei der \u201aNamenssuche\u2018 Vor Schreck f\u00e4llt mit dann vielleicht sogar der Name der Person, die mir gegen\u00fcbersteht, ein. Aber eine Zuordnung zu einem Ereignis in meinem Leben l\u00e4sst sich nicht abrufen.<\/p>\n<p>Es gibt Schlimmeres. Schlimmer ist es dann, wenn mir bestimmte W\u00f6rter partout nicht einfallen wollen. Die liegen mir zwar auf der Zunge, wollen aber nicht heraus. Ich werde nicht nur alt, ich werde bl\u00f6d!<\/p>\n<p><img src=\"https:\/\/www.willizblog.de\/pics\/willi_mit_helm_2019_idar_obersteinblau.jpg\" alt=\"Willi mit Helm in blau (Edelsteinminen Idar-Oberstein Juli 2019)\" t=\"Willi mit Helm in blau (Edelsteinminen Idar-Oberstein Juli 2019)\" \/><br \/>\nWilli mit Helm in blau (Edelsteinminen Idar-Oberstein Juli 2019)<\/p>\n<p>Nicht nur die Knochen werden morsch, auch das Gehirn wird l\u00f6chrig. <a href=\"https:\/\/de.wikipedia.org\/wiki\/Alzheimer-Krankheit\" rel=\"noopener noreferrer\" target=\"_blank\">Alzheimer<\/a> l\u00e4sst gr\u00fc\u00dfen! So realisiere ich bei mir einen zunehmenden, wenn auch noch schleichenden Verlust meiner <a href=\"https:\/\/de.wikipedia.org\/wiki\/Kognition\" rel=\"noopener noreferrer\" target=\"_blank\">kognitiven F\u00e4higkeiten<\/a> (solange ich das merke, ist wohl alles noch okay!). Das geht mit einer gewissen Lustlosigkeit einher, die mich besonders jetzt auf der Zielgeraden (<a href=\"https:\/\/willizblog.de\/?p=10538\" rel=\"noopener noreferrer\" target=\"_blank\">das Ziel hei\u00dft Rente<\/a>) \u00fcberkommt.<\/p>\n<p>Nein, keine Angst. Ich bin noch klar im Kopf. Aber das Alter, das merke ich eben doch, fordert seinen Tribut. Noch vor wenigen Jahren h\u00e4tte ich nicht gedacht, dass es mit zunehmendem Alter \u201aProbleme\u2018 dieser Art geben k\u00f6nnte. Ich versuche vorzubeugen und meinen Geist zu trainieren (nein, Namen werde ich mir auch weiterhin nicht merken wollen). Neben k\u00f6rperlicher Ert\u00fcchtigung geh\u00f6rt die des Geistes zum Alter (eigentlich zum ganzen Leben). Und so (ihr werdet es vielleicht gemerkt haben) bin ich auch hier in meinen Blog in den letzten Tagen wieder vermehrt unterwegs (dem Urlaub sei Dank, denn den aufzuarbeiten bringt ja viel Spa\u00df). Und von meinen <a href=\"https:\/\/willizblog.de\/?s=plaudereien\" rel=\"noopener noreferrer\" target=\"_blank\">Plaudereien<\/a> hier werdet Ihr in Zukunft kaum verschont bleiben. Nicht, das die \u201agro\u00dfen Themen\u2018 ungeachtet an mir vorbeihuschen, Aber (und auch das ist die Folge des \u00c4lterwerdens) vieles interessiert mich kaum noch, wird zwar wahrgenommen, aber schnell ad acta gelegt.<\/p>\n","protected":false},"excerpt":{"rendered":"<p>Fortsetzung von: Willis Plaudereien (2): Altwerden ist nichts f\u00fcr Feiglinge Namen konnte ich mir schon immer nicht merken. Kreuzen sich meine Wege mit Menschen, die ich eigentlich kenne, wenigstens dem Aussehen nach, dann beginnt mein Gehirn zu arbeiten. Wie war doch gleich der Name? Werde ich namentlich gegr\u00fc\u00dft, dann murmele ich ein \u201eGuten Tag, Herr &hellip; <a href=\"https:\/\/willizblog.de\/?p=10580\" class=\"more-link\"><span class=\"screen-reader-text\">Willis Plaudereien (4): Alt und bl\u00f6d<\/span> weiterlesen <span class=\"meta-nav\">&rarr;<\/span><\/a><\/p>\n","protected":false},"author":1,"featured_media":0,"comment_status":"open","ping_status":"open","sticky":false,"template":"","format":"standard","meta":[],"categories":[18,30],"tags":[],"_links":{"self":[{"href":"https:\/\/willizblog.de\/index.php?rest_route=\/wp\/v2\/posts\/10580"}],"collection":[{"href":"https:\/\/willizblog.de\/index.php?rest_route=\/wp\/v2\/posts"}],"about":[{"href":"https:\/\/willizblog.de\/index.php?rest_route=\/wp\/v2\/types\/post"}],"author":[{"embeddable":true,"href":"https:\/\/willizblog.de\/index.php?rest_route=\/wp\/v2\/users\/1"}],"replies":[{"embeddable":true,"href":"https:\/\/willizblog.de\/index.php?rest_route=%2Fwp%2Fv2%2Fcomments&post=10580"}],"version-history":[{"count":0,"href":"https:\/\/willizblog.de\/index.php?rest_route=\/wp\/v2\/posts\/10580\/revisions"}],"wp:attachment":[{"href":"https:\/\/willizblog.de\/index.php?rest_route=%2Fwp%2Fv2%2Fmedia&parent=10580"}],"wp:term":[{"taxonomy":"category","embeddable":true,"href":"https:\/\/willizblog.de\/index.php?rest_route=%2Fwp%2Fv2%2Fcategories&post=10580"},{"taxonomy":"post_tag","embeddable":true,"href":"https:\/\/willizblog.de\/index.php?rest_route=%2Fwp%2Fv2%2Ftags&post=10580"}],"curies":[{"name":"wp","href":"https:\/\/api.w.org\/{rel}","templated":true}]}}