{"id":10587,"date":"2019-08-30T07:39:35","date_gmt":"2019-08-30T07:39:35","guid":{"rendered":"https:\/\/willizblog.de\/?p=10587"},"modified":"2019-08-30T07:39:35","modified_gmt":"2019-08-30T07:39:35","slug":"willis-plaudereien-5-warum-plaudereien","status":"publish","type":"post","link":"https:\/\/willizblog.de\/?p=10587","title":{"rendered":"Willis Plaudereien (5): Warum Plaudereien?"},"content":{"rendered":"<p>Zum bald beginnenden Wochenende noch einmal eine Plauderei, eine Plauderei \u00fcber \u2026 <a href=\"https:\/\/willizblog.de\/?s=plaudereien\" rel=\"noopener noreferrer\" target=\"_blank\">meine Plaudereien<\/a>. Ich suche hier einen lockeren Ton, versuche zwanglos das niederzuschreiben, was mir gerade durch den Kopf geht. Dabei kann es vorkommen, dass ich vom Hundertsten ins Tausendste oder im Gegenteil ganz pl\u00f6tzlich abschweife, also vom <em>Kuchenbacken<\/em> auf <em>Arschbacken<\/em> komme (oder von <a href=\"https:\/\/de.wikipedia.org\/wiki\/Plunderteig\" rel=\"noopener noreferrer\" target=\"_blank\">Plundertasche<\/a> auf <a href=\"https:\/\/www.duden.de\/rechtschreibung\/Plaudertasche\" rel=\"noopener noreferrer\" target=\"_blank\">Plaudertasche<\/a>!).<\/p>\n<p><img src=\"https:\/\/www.willizblog.de\/pics\/willi_mit_helm_2019_idar_obersteingruen.jpg\" alt=\"Willi mit Helm in gr\u00fcn (Edelsteinminen Idar-Oberstein Juli 2019)\" title=\"Willi mit Helm in gr\u00fcn (Edelsteinminen Idar-Oberstein Juli 2019)\" \/><br \/>\nWilli mit Helm in gr\u00fcn (Edelsteinminen Idar-Oberstein Juli 2019)<\/p>\n<p>Eigentlich bin ich alles andere als ein Plauderer oder zumindest keine Labertasche. Wenn ich mich \u00e4u\u00dfere, dann sollte es schon etwas Handfestes sein. Schwadronieren, gar faseln und schwafeln liegt mir nicht. Das \u00fcberlasse ich anderen. Was ich hiermit tue \u2026. \ud83d\ude09<\/p>\n","protected":false},"excerpt":{"rendered":"<p>Zum bald beginnenden Wochenende noch einmal eine Plauderei, eine Plauderei \u00fcber \u2026 meine Plaudereien. Ich suche hier einen lockeren Ton, versuche zwanglos das niederzuschreiben, was mir gerade durch den Kopf geht. Dabei kann es vorkommen, dass ich vom Hundertsten ins Tausendste oder im Gegenteil ganz pl\u00f6tzlich abschweife, also vom Kuchenbacken auf Arschbacken komme (oder von &hellip; <a href=\"https:\/\/willizblog.de\/?p=10587\" class=\"more-link\"><span class=\"screen-reader-text\">Willis Plaudereien (5): Warum Plaudereien?<\/span> weiterlesen <span class=\"meta-nav\">&rarr;<\/span><\/a><\/p>\n","protected":false},"author":1,"featured_media":0,"comment_status":"open","ping_status":"open","sticky":false,"template":"","format":"standard","meta":[],"categories":[30],"tags":[],"_links":{"self":[{"href":"https:\/\/willizblog.de\/index.php?rest_route=\/wp\/v2\/posts\/10587"}],"collection":[{"href":"https:\/\/willizblog.de\/index.php?rest_route=\/wp\/v2\/posts"}],"about":[{"href":"https:\/\/willizblog.de\/index.php?rest_route=\/wp\/v2\/types\/post"}],"author":[{"embeddable":true,"href":"https:\/\/willizblog.de\/index.php?rest_route=\/wp\/v2\/users\/1"}],"replies":[{"embeddable":true,"href":"https:\/\/willizblog.de\/index.php?rest_route=%2Fwp%2Fv2%2Fcomments&post=10587"}],"version-history":[{"count":0,"href":"https:\/\/willizblog.de\/index.php?rest_route=\/wp\/v2\/posts\/10587\/revisions"}],"wp:attachment":[{"href":"https:\/\/willizblog.de\/index.php?rest_route=%2Fwp%2Fv2%2Fmedia&parent=10587"}],"wp:term":[{"taxonomy":"category","embeddable":true,"href":"https:\/\/willizblog.de\/index.php?rest_route=%2Fwp%2Fv2%2Fcategories&post=10587"},{"taxonomy":"post_tag","embeddable":true,"href":"https:\/\/willizblog.de\/index.php?rest_route=%2Fwp%2Fv2%2Ftags&post=10587"}],"curies":[{"name":"wp","href":"https:\/\/api.w.org\/{rel}","templated":true}]}}