{"id":10593,"date":"2019-09-03T09:02:52","date_gmt":"2019-09-03T09:02:52","guid":{"rendered":"https:\/\/willizblog.de\/?p=10593"},"modified":"2019-09-03T09:02:52","modified_gmt":"2019-09-03T09:02:52","slug":"idar-oberstein-06-mittelalterliches-herrstein","status":"publish","type":"post","link":"https:\/\/willizblog.de\/?p=10593","title":{"rendered":"Idar-Oberstein (06): Mittelalterliches Herrstein"},"content":{"rendered":"<p>W\u00e4hrend unseres Urlaubs in <a href=\"https:\/\/www.idar-oberstein.de\/\" rel=\"noopener noreferrer\" target=\"_blank\">Idar-Oberstein<\/a> machte ich mit meiner Frau einen Abstecher nach <a href=\"https:\/\/herrstein.de\/\" rel=\"noopener noreferrer\" target=\"_blank\">Herrstein<\/a>. Der Ort zeichnet sich mit seinem historischen Ortskern als \u201amittelalterliches Kleinod im Hunsr\u00fcck\u2018 aus.<\/p>\n<p><img src=\"https:\/\/www.willizblog.de\/pics\/idar_oberstein2019_herrstein01.jpg\" alt=\"Historischer Ortskern von Herrstein\" title=\"Historischer Ortskern von Herrstein\" \/><br \/>\nHistorischer Ortskern von Herrstein<\/p>\n<p>Hier genossen wir die Ruhe und schlenderten durch die teilweise engen Gassen. Es war ein herrlicher Sommertag.<\/p>\n<p><img src=\"https:\/\/www.willizblog.de\/pics\/idar_oberstein2019_herrstein02.jpg\" alt=\"Historischer Ortskern von Herrstein\" title=\"Historischer Ortskern von Herrstein\" \/><br \/>\nHistorischer Ortskern von Herrstein<\/p>\n<p>Und wie <a href=\"https:\/\/willizblog.de\/?p=10578\" rel=\"noopener noreferrer\" target=\"_blank\">bereits beschrieben<\/a>, so machten wir mitten im Ort unsere Mittagspause im <a href=\"https:\/\/herrstein.de\/erleben\/gaststaetten\" rel=\"noopener noreferrer\" target=\"_blank\">Cafe Zehntscheune<\/a> und a\u00dfen von den regionalen Spezialit\u00e4ten wie <em>\u201agef\u00fcllter Klo\u00df\u2018, Kartoffelwurst, Saumagen<\/em> usw.<\/p>\n<p><img src=\"https:\/\/www.willizblog.de\/pics\/idar_oberstein2019_herrstein03.jpg\" alt=\"Historischer Ortskern von Herrstein\" title=\"Historischer Ortskern von Herrstein\" \/><br \/>\nHistorischer Ortskern von Herrstein<\/p>\n<p>Und der Lokalit\u00e4t angemessen haben sich hier viele K\u00fcnstler und Kunsthandwerker niedergelassen. Und so finden hier traditionellen M\u00e4rkte statt, u.a. das <a href=\"https:\/\/herrstein.de\/erleben\/schinderhannes-raeuberfest\" rel=\"noopener noreferrer\" target=\"_blank\">\u201eSchinderhannes-R\u00e4uberfest\u201c<\/a> an jedem 2. Wochenende im September, benannt nach dem uns <a href=\"https:\/\/de.wikipedia.org\/wiki\/Johannes_B%C3%BCckler\" rel=\"noopener noreferrer\" target=\"_blank\">bekannten R\u00e4uber<\/a>, der mit seiner Bande auch in Herrstein Ende des 18. Jahrhunderts sein Unwesen trieb.<\/p>\n<p><img src=\"https:\/\/www.willizblog.de\/pics\/idar_oberstein2019_herrstein04.jpg\" alt=\"Historischer Ortskern von Herrstein\" title=\"Historischer Ortskern von Herrstein\" \/><br \/>\nHistorischer Ortskern von Herrstein<\/p>\n","protected":false},"excerpt":{"rendered":"<p>W\u00e4hrend unseres Urlaubs in Idar-Oberstein machte ich mit meiner Frau einen Abstecher nach Herrstein. Der Ort zeichnet sich mit seinem historischen Ortskern als \u201amittelalterliches Kleinod im Hunsr\u00fcck\u2018 aus. Historischer Ortskern von Herrstein Hier genossen wir die Ruhe und schlenderten durch die teilweise engen Gassen. Es war ein herrlicher Sommertag. Historischer Ortskern von Herrstein Und wie &hellip; <a href=\"https:\/\/willizblog.de\/?p=10593\" class=\"more-link\"><span class=\"screen-reader-text\">Idar-Oberstein (06): Mittelalterliches Herrstein<\/span> weiterlesen <span class=\"meta-nav\">&rarr;<\/span><\/a><\/p>\n","protected":false},"author":1,"featured_media":0,"comment_status":"open","ping_status":"open","sticky":false,"template":"","format":"standard","meta":[],"categories":[10],"tags":[],"_links":{"self":[{"href":"https:\/\/willizblog.de\/index.php?rest_route=\/wp\/v2\/posts\/10593"}],"collection":[{"href":"https:\/\/willizblog.de\/index.php?rest_route=\/wp\/v2\/posts"}],"about":[{"href":"https:\/\/willizblog.de\/index.php?rest_route=\/wp\/v2\/types\/post"}],"author":[{"embeddable":true,"href":"https:\/\/willizblog.de\/index.php?rest_route=\/wp\/v2\/users\/1"}],"replies":[{"embeddable":true,"href":"https:\/\/willizblog.de\/index.php?rest_route=%2Fwp%2Fv2%2Fcomments&post=10593"}],"version-history":[{"count":0,"href":"https:\/\/willizblog.de\/index.php?rest_route=\/wp\/v2\/posts\/10593\/revisions"}],"wp:attachment":[{"href":"https:\/\/willizblog.de\/index.php?rest_route=%2Fwp%2Fv2%2Fmedia&parent=10593"}],"wp:term":[{"taxonomy":"category","embeddable":true,"href":"https:\/\/willizblog.de\/index.php?rest_route=%2Fwp%2Fv2%2Fcategories&post=10593"},{"taxonomy":"post_tag","embeddable":true,"href":"https:\/\/willizblog.de\/index.php?rest_route=%2Fwp%2Fv2%2Ftags&post=10593"}],"curies":[{"name":"wp","href":"https:\/\/api.w.org\/{rel}","templated":true}]}}