{"id":10596,"date":"2019-09-04T07:48:49","date_gmt":"2019-09-04T07:48:49","guid":{"rendered":"https:\/\/willizblog.de\/?p=10596"},"modified":"2019-09-11T07:30:11","modified_gmt":"2019-09-11T07:30:11","slug":"zunehmend-heiter-noch-25-tage-bis-buffalo","status":"publish","type":"post","link":"https:\/\/willizblog.de\/?p=10596","title":{"rendered":"Zunehmend heiter: Noch 25 Tage bis Buffalo"},"content":{"rendered":"<p>Nein, das ist kein Wetterbericht. Die zunehmende Heiterkeit bezieht sich auf meinen Gem\u00fctszustand. Denn es sind ja jetzt nur noch 25 Tage bis Buffalo (wir erinnern uns an die Ballade von <em>Theodor Fontane<\/em>: <a href=\"http:\/\/www.handmann.phantasus.de\/g_johnmaynard.html\" rel=\"noopener noreferrer\" target=\"_blank\">John Maynard<\/a> aus dem Jahre 1885), d.h. noch 25 Arbeitstage bis zu meinem Rentenbeginn.<\/p>\n<p><img src=\"https:\/\/www.willizblog.de\/pics\/williz_letzte_arbeitstage_25.jpg\" alt=\"Willi \u2013 noch 25 Tage bis zur Rente\" title=\"Willi \u2013 noch 25 Tage bis zur Rente\" \/><br \/>\nWilli \u2013 noch 25 Tage bis zur Rente<\/p>\n<p>Ein leichtes L\u00e4cheln zeigt sich in meinem Gesicht. Dabei habe ich noch jede Menge Mist auf der Arbeit zu tun. Ich bin n\u00e4mlich der Trottel, der fr\u00fch morgens zu arbeiten beginnt, w\u00e4hrend meine \u201alieben\u2018 Kollegen erst gegen Mittag auf der Arbeit eintreffen (und dann auch bald zur Mittagspause entschwinden). Wenn es aber irgendwo \u201aim Geb\u00e4lk knirscht\u2018, dann am fr\u00fchen Morgen. Und ich darf mich dann oft mit Dingen besch\u00e4ftigen, die eigentlich nicht in meinen Aufgabenbereich fallen.<\/p>\n<p>Ich wei\u00df nicht, wie sie (meine Arbeitskollegen) es nach meinem Ausscheiden regeln werden. Aber das interessiert mich auch nicht die Bohne. Meine Stelle wird nicht neu besetzt, sondern von einem Kollegen in M\u00fcnchen mit \u00fcbernommen (der \u00c4rmste war schon bei uns im Hamburg und ich durfte ihn so gut es ging in meine Arbeit einweisen).<\/p>\n<p>Ich wurde schon gefragt (vor allem von Kollegen aus den Fachabteilungen), ob ich eventuell verf\u00fcgbar sein werde, wenn es ungel\u00f6ste Probleme geben sollte. Mir wurde bereits angeboten, auf 450-\u20ac-Basis zu arbeiten. Soviel wei\u00df ich allerdings: Ich werde eine \u201aAuszeit\u2018 von mindestens einem Viertel Jahr nehmen, um mich zu entspannen. Zuerst komme dann ich (und nat\u00fcrlich meine Familie). Und dann kommt erst einmal lange gar nichts.<\/p>\n<p>Und \u00fcberhaupt: <strong>Nach mir die Sintflut!<\/strong><\/p>\n","protected":false},"excerpt":{"rendered":"<p>Nein, das ist kein Wetterbericht. Die zunehmende Heiterkeit bezieht sich auf meinen Gem\u00fctszustand. Denn es sind ja jetzt nur noch 25 Tage bis Buffalo (wir erinnern uns an die Ballade von Theodor Fontane: John Maynard aus dem Jahre 1885), d.h. noch 25 Arbeitstage bis zu meinem Rentenbeginn. Willi \u2013 noch 25 Tage bis zur Rente &hellip; <a href=\"https:\/\/willizblog.de\/?p=10596\" class=\"more-link\"><span class=\"screen-reader-text\">Zunehmend heiter: Noch 25 Tage bis Buffalo<\/span> weiterlesen <span class=\"meta-nav\">&rarr;<\/span><\/a><\/p>\n","protected":false},"author":1,"featured_media":0,"comment_status":"open","ping_status":"open","sticky":false,"template":"","format":"standard","meta":[],"categories":[18,30],"tags":[],"_links":{"self":[{"href":"https:\/\/willizblog.de\/index.php?rest_route=\/wp\/v2\/posts\/10596"}],"collection":[{"href":"https:\/\/willizblog.de\/index.php?rest_route=\/wp\/v2\/posts"}],"about":[{"href":"https:\/\/willizblog.de\/index.php?rest_route=\/wp\/v2\/types\/post"}],"author":[{"embeddable":true,"href":"https:\/\/willizblog.de\/index.php?rest_route=\/wp\/v2\/users\/1"}],"replies":[{"embeddable":true,"href":"https:\/\/willizblog.de\/index.php?rest_route=%2Fwp%2Fv2%2Fcomments&post=10596"}],"version-history":[{"count":0,"href":"https:\/\/willizblog.de\/index.php?rest_route=\/wp\/v2\/posts\/10596\/revisions"}],"wp:attachment":[{"href":"https:\/\/willizblog.de\/index.php?rest_route=%2Fwp%2Fv2%2Fmedia&parent=10596"}],"wp:term":[{"taxonomy":"category","embeddable":true,"href":"https:\/\/willizblog.de\/index.php?rest_route=%2Fwp%2Fv2%2Fcategories&post=10596"},{"taxonomy":"post_tag","embeddable":true,"href":"https:\/\/willizblog.de\/index.php?rest_route=%2Fwp%2Fv2%2Ftags&post=10596"}],"curies":[{"name":"wp","href":"https:\/\/api.w.org\/{rel}","templated":true}]}}