{"id":10625,"date":"2019-09-26T14:50:44","date_gmt":"2019-09-26T14:50:44","guid":{"rendered":"https:\/\/willizblog.de\/?p=10625"},"modified":"2020-12-13T21:37:44","modified_gmt":"2020-12-13T21:37:44","slug":"loriot-und-willi","status":"publish","type":"post","link":"https:\/\/willizblog.de\/?p=10625","title":{"rendered":"Loriot und Willi"},"content":{"rendered":"<p>Vorgestern war ich mit meiner Frau und dem \u00e4lteren meiner zwei S\u00f6hne, der zu uns aus Mannheim zu Besuch kam, zum Shoppen und mehr in Bremen. Auf dem R\u00fcckweg zum Bahnhof kamen wir am <a href=\"https:\/\/www.google.com\/maps\/place\/Loriotplatz,+28195+Bremen\/@53.0796912,8.8071679,17z\/data=!4m13!1m7!3m6!1s0x47b1281172235e2f:0xd992db889f767c8!2sLoriotplatz,+28195+Bremen!3b1!8m2!3d53.0797703!4d8.8094805!3m4!1s0x47b1281172235e2f:0xd992db889f767c8!8m2!3d53.0797703!4d8.8094805\" rel=\"noopener noreferrer\" target=\"_blank\">Loriotplatz<\/a> vorbei.  <\/p>\n<p><em>Bernhard-Viktor Christoph-Carl von B\u00fclow<\/em>, kurz <em>Vicco von B\u00fclow<\/em>, uns allen eher als <a href=\"https:\/\/de.wikipedia.org\/wiki\/Loriot\" rel=\"noopener noreferrer\" target=\"_blank\">Loriot<\/a> bekannt, verdankt Bremen und durch die Senderreihe <a href=\"https:\/\/de.wikipedia.org\/wiki\/Loriot_(Fernsehserie)\" rel=\"noopener noreferrer\" target=\"_blank\">Loriot<\/a> besonders dem dort ans\u00e4ssigen Ferensehsender <a href=\"https:\/\/de.wikipedia.org\/wiki\/Radio_Bremen\" rel=\"noopener noreferrer\" target=\"_blank\">Radio Bremen<\/a> seine bundesweite Ber\u00fchmtheit. Nat\u00fcrlich habe ich ihn auch <a href=\"https:\/\/willizblog.de\/?s=loriot\" rel=\"noopener noreferrer\" target=\"_blank\">in diesem Blog den einen oder anderen Beitrag<\/a> gewidmet.<\/p>\n<p><img src=\"https:\/\/www.willizblog.de\/pics\/williz_bremen_loriot.jpg\" alt=\"Willi und Loriots 'Knollennasenm\u00e4nnlein' - \u00a9 Jan Einar Albin\" title=\"Willi und Loriots 'Knollennasenm\u00e4nnlein' - \u00a9 Jan Einar Albin\" \/><br \/>\nWilli und Loriots &#8218;Knollennasenm\u00e4nnlein&#8216; &#8211; \u00a9 Jan Einar Albin<\/p>\n<p>Am Loriotplatz findet sich eine Parkbank mit einer der bekannten Sch\u00f6pfungen aus Loriots Hand, dem Knollennasenm\u00e4nnlein. Wie viele solcher <a href=\"https:\/\/de.wikipedia.org\/wiki\/Plastik_(Kunst)\" rel=\"noopener noreferrer\" target=\"_blank\">Plastiken<\/a>, so wird nat\u00fcrlich auch diese gern fototechnisch &#8218;missbraucht&#8216; (die Parkbank l\u00e4dt dazu geradezu ein). So planzte auch ich mich neben dieses besagte dreidimensionale, k\u00f6rperhafte Objekt der bildenden Kunst. Okay, all zu gut machte ich mich nicht dabei &#8230;<\/p>\n","protected":false},"excerpt":{"rendered":"<p>Vorgestern war ich mit meiner Frau und dem \u00e4lteren meiner zwei S\u00f6hne, der zu uns aus Mannheim zu Besuch kam, zum Shoppen und mehr in Bremen. Auf dem R\u00fcckweg zum Bahnhof kamen wir am Loriotplatz vorbei. Bernhard-Viktor Christoph-Carl von B\u00fclow, kurz Vicco von B\u00fclow, uns allen eher als Loriot bekannt, verdankt Bremen und durch die &hellip; <a href=\"https:\/\/willizblog.de\/?p=10625\" class=\"more-link\"><span class=\"screen-reader-text\">Loriot und Willi<\/span> weiterlesen <span class=\"meta-nav\">&rarr;<\/span><\/a><\/p>\n","protected":false},"author":1,"featured_media":0,"comment_status":"open","ping_status":"open","sticky":false,"template":"","format":"standard","meta":[],"categories":[7],"tags":[],"_links":{"self":[{"href":"https:\/\/willizblog.de\/index.php?rest_route=\/wp\/v2\/posts\/10625"}],"collection":[{"href":"https:\/\/willizblog.de\/index.php?rest_route=\/wp\/v2\/posts"}],"about":[{"href":"https:\/\/willizblog.de\/index.php?rest_route=\/wp\/v2\/types\/post"}],"author":[{"embeddable":true,"href":"https:\/\/willizblog.de\/index.php?rest_route=\/wp\/v2\/users\/1"}],"replies":[{"embeddable":true,"href":"https:\/\/willizblog.de\/index.php?rest_route=%2Fwp%2Fv2%2Fcomments&post=10625"}],"version-history":[{"count":0,"href":"https:\/\/willizblog.de\/index.php?rest_route=\/wp\/v2\/posts\/10625\/revisions"}],"wp:attachment":[{"href":"https:\/\/willizblog.de\/index.php?rest_route=%2Fwp%2Fv2%2Fmedia&parent=10625"}],"wp:term":[{"taxonomy":"category","embeddable":true,"href":"https:\/\/willizblog.de\/index.php?rest_route=%2Fwp%2Fv2%2Fcategories&post=10625"},{"taxonomy":"post_tag","embeddable":true,"href":"https:\/\/willizblog.de\/index.php?rest_route=%2Fwp%2Fv2%2Ftags&post=10625"}],"curies":[{"name":"wp","href":"https:\/\/api.w.org\/{rel}","templated":true}]}}