{"id":1064,"date":"2008-01-09T19:57:24","date_gmt":"2008-01-09T17:57:24","guid":{"rendered":"http:\/\/www.albinz.de\/blog\/?p=1064"},"modified":"2008-01-09T19:58:55","modified_gmt":"2008-01-09T17:58:55","slug":"100-todestag-von-wilhelm-busch","status":"publish","type":"post","link":"https:\/\/willizblog.de\/?p=1064","title":{"rendered":"100. Todestag von Wilhelm Busch"},"content":{"rendered":"<p>Mein Vater hatte einen Projektor, mit dem \u00e4hnlich einem Dia-Vorf\u00fchrger\u00e4t transparente Bilder auf eine Leinwand geworfen werden konnten. Allerdings waren die Einzelbilder auf einer Filmrolle, die dann Bild f\u00fcr Bild vorgespult wurde. <\/p>\n<p>Es war Ende der 50-er bzw. Anfang der 60-er Jahre, da f\u00fchrte mein Vater f\u00fcr die Kinder der Nachbarschaft, und nat\u00fcrlich auch f\u00fcr seine eigenen, die Werke von Wilhelm Busch mit diesem Projektor vor. W\u00e4hrend die Bilder an die Leinwand geworfen wurden, verlas er dazu die entsprechenden Reime. Ich erinnere mich an die Geschichten von Fipps, dem Affen, und Hans Huckebein, dem Ungl\u00fccksraben \u2013 nat\u00fcrlich auch an die Streiche von Max und Moritz.<\/p>\n<p><img src=\"https:\/\/www.willizblog.de\/albpics\/max_und_moritz.gif\" alt=\"Max und Moritz\" \/><br \/>\n<em>Ach, was mu\u00df man oft von b\u00f6sen<br \/>\nKindern h\u00f6ren oder lesen!!<br \/>\nWie zum Beispiel hier von diesen,<br \/>\nWelche Max und Moritz hie\u00dfen &#8230;<\/em><\/p>\n<p>Heute vor 100 Jahren starb <a href=\"https:\/\/de.wikipedia.org\/wiki\/Wilhelm_Busch\" target=\"_blank\">Wilhelm Busch<\/a>, dem mit seiner virtuosen Kombination von Wort und Bild gleichsam ein Vorgriff auf Comic und Zeichentrickfilm gelang. Auch mit sprachlicher Lautmalerei (z. B. \u201eRickeracke! Rickeracke! Geht die M\u00fchle mit Geknacke&#8220; &#8211; Max und Moritz -; &#8222;Da geht es klirr! und klipp! und klapp!! Und auch der Onkel kriegt was ab\u201c &#8211; Die fromme Helene -) erweist sich Buschs Werk als wegbereitend.<\/p>\n<p><img src=\"https:\/\/www.willizblog.de\/albpics\/wilhelm_busch.png\" alt=\"Wilhelm Busch\" \/><\/p>\n<p>Wer nicht gerade ein Buch von Wilhelm Busch zur Hand hat, der darf sich auf dieser Website <a href=\"http:\/\/www.wilhelm-busch-seiten.de\/\" target=\"_blank\">wilhelm-busch-seiten.de<\/a> an den Werken erfreuen.<\/p>\n<p>siehe auch zdf.de: <a href=\"http:\/\/www.zdf.de\/ZDFmediathek\/content\/393752?inPopup=true\" target=\"_blank\">Der Comic-Pate<\/a><\/p>\n","protected":false},"excerpt":{"rendered":"<p>Mein Vater hatte einen Projektor, mit dem \u00e4hnlich einem Dia-Vorf\u00fchrger\u00e4t transparente Bilder auf eine Leinwand geworfen werden konnten. Allerdings waren die Einzelbilder auf einer Filmrolle, die dann Bild f\u00fcr Bild vorgespult wurde. Es war Ende der 50-er bzw. Anfang der 60-er Jahre, da f\u00fchrte mein Vater f\u00fcr die Kinder der Nachbarschaft, und nat\u00fcrlich auch f\u00fcr &hellip; <a href=\"https:\/\/willizblog.de\/?p=1064\" class=\"more-link\"><span class=\"screen-reader-text\">100. Todestag von Wilhelm Busch<\/span> weiterlesen <span class=\"meta-nav\">&rarr;<\/span><\/a><\/p>\n","protected":false},"author":1,"featured_media":0,"comment_status":"open","ping_status":"closed","sticky":false,"template":"","format":"standard","meta":[],"categories":[13,3],"tags":[],"_links":{"self":[{"href":"https:\/\/willizblog.de\/index.php?rest_route=\/wp\/v2\/posts\/1064"}],"collection":[{"href":"https:\/\/willizblog.de\/index.php?rest_route=\/wp\/v2\/posts"}],"about":[{"href":"https:\/\/willizblog.de\/index.php?rest_route=\/wp\/v2\/types\/post"}],"author":[{"embeddable":true,"href":"https:\/\/willizblog.de\/index.php?rest_route=\/wp\/v2\/users\/1"}],"replies":[{"embeddable":true,"href":"https:\/\/willizblog.de\/index.php?rest_route=%2Fwp%2Fv2%2Fcomments&post=1064"}],"version-history":[{"count":0,"href":"https:\/\/willizblog.de\/index.php?rest_route=\/wp\/v2\/posts\/1064\/revisions"}],"wp:attachment":[{"href":"https:\/\/willizblog.de\/index.php?rest_route=%2Fwp%2Fv2%2Fmedia&parent=1064"}],"wp:term":[{"taxonomy":"category","embeddable":true,"href":"https:\/\/willizblog.de\/index.php?rest_route=%2Fwp%2Fv2%2Fcategories&post=1064"},{"taxonomy":"post_tag","embeddable":true,"href":"https:\/\/willizblog.de\/index.php?rest_route=%2Fwp%2Fv2%2Ftags&post=1064"}],"curies":[{"name":"wp","href":"https:\/\/api.w.org\/{rel}","templated":true}]}}