{"id":10641,"date":"2019-10-02T05:43:09","date_gmt":"2019-10-02T05:43:09","guid":{"rendered":"https:\/\/willizblog.de\/?p=10641"},"modified":"2019-10-02T05:43:09","modified_gmt":"2019-10-02T05:43:09","slug":"mir-ist-zum-psalmieren-zumut-noch-14-tage-bis-ultimo","status":"publish","type":"post","link":"https:\/\/willizblog.de\/?p=10641","title":{"rendered":"Mir ist zum Psalmieren zumut \u2013 noch 14 Tage bis Ultimo"},"content":{"rendered":"<p>Der Countdown l\u00e4uft ..: <em>Und ob ich schon wanderte im finstern Tal, f\u00fcrchte ich kein Ungl\u00fcck<\/em>, die Rente ist nah. <\/p>\n<p><a href=\"https:\/\/de.wikipedia.org\/wiki\/David\" rel=\"noopener noreferrer\" target=\"_blank\">David<\/a> (ja, der mit <em>Goliath<\/em>) wird mir verzeihen, wenn ich seinen <a href=\"https:\/\/de.wikipedia.org\/wiki\/Psalm_23\" rel=\"noopener noreferrer\" target=\"_blank\">Psalm<\/a> etwas verhunzt habe. Aber so langsam kommt <em>Licht ans Ende des Korridors<\/em>. Und so endet bald die Wanderung durch <em>das finstere Tal der Qual<\/em> (gemeint ist die Arbeit f\u00fcr den Broterwerb).<\/p>\n<p><img src=\"https:\/\/www.willizblog.de\/pics\/williz_letzte_arbeitstage_14.jpg\" alt=\"Willi im 'Rampenlicht' \u2013 noch 14 Tage bis zur Rente\" title=\"Willi im 'Rampenlicht' \u2013 noch 14 Tage bis zur Rente\" \/><br \/>\nWilli im &#8218;Rampenlicht&#8216; \u2013 noch 14 Tage bis zur Rente<\/p>\n<p>Ja, mir ist zum Psalmieren, zum Lobpreisen der bald kommenden Tage zumut. Auch wenn es wie ein Heiligenschein zu sein scheint (\u00fcber mir auf dem Bild oben), es ist nur die Deckenbeleuchtung in meinem Arbeitszimmer. Igitt, so prosaisch spielt das Leben. Noch 14 Arbeitstage bis zum Rentenbeginn.<\/p>\n","protected":false},"excerpt":{"rendered":"<p>Der Countdown l\u00e4uft ..: Und ob ich schon wanderte im finstern Tal, f\u00fcrchte ich kein Ungl\u00fcck, die Rente ist nah. David (ja, der mit Goliath) wird mir verzeihen, wenn ich seinen Psalm etwas verhunzt habe. Aber so langsam kommt Licht ans Ende des Korridors. Und so endet bald die Wanderung durch das finstere Tal der &hellip; <a href=\"https:\/\/willizblog.de\/?p=10641\" class=\"more-link\"><span class=\"screen-reader-text\">Mir ist zum Psalmieren zumut \u2013 noch 14 Tage bis Ultimo<\/span> weiterlesen <span class=\"meta-nav\">&rarr;<\/span><\/a><\/p>\n","protected":false},"author":1,"featured_media":0,"comment_status":"open","ping_status":"open","sticky":false,"template":"","format":"standard","meta":[],"categories":[18,30],"tags":[],"_links":{"self":[{"href":"https:\/\/willizblog.de\/index.php?rest_route=\/wp\/v2\/posts\/10641"}],"collection":[{"href":"https:\/\/willizblog.de\/index.php?rest_route=\/wp\/v2\/posts"}],"about":[{"href":"https:\/\/willizblog.de\/index.php?rest_route=\/wp\/v2\/types\/post"}],"author":[{"embeddable":true,"href":"https:\/\/willizblog.de\/index.php?rest_route=\/wp\/v2\/users\/1"}],"replies":[{"embeddable":true,"href":"https:\/\/willizblog.de\/index.php?rest_route=%2Fwp%2Fv2%2Fcomments&post=10641"}],"version-history":[{"count":0,"href":"https:\/\/willizblog.de\/index.php?rest_route=\/wp\/v2\/posts\/10641\/revisions"}],"wp:attachment":[{"href":"https:\/\/willizblog.de\/index.php?rest_route=%2Fwp%2Fv2%2Fmedia&parent=10641"}],"wp:term":[{"taxonomy":"category","embeddable":true,"href":"https:\/\/willizblog.de\/index.php?rest_route=%2Fwp%2Fv2%2Fcategories&post=10641"},{"taxonomy":"post_tag","embeddable":true,"href":"https:\/\/willizblog.de\/index.php?rest_route=%2Fwp%2Fv2%2Ftags&post=10641"}],"curies":[{"name":"wp","href":"https:\/\/api.w.org\/{rel}","templated":true}]}}