{"id":10652,"date":"2019-10-11T08:57:42","date_gmt":"2019-10-11T08:57:42","guid":{"rendered":"https:\/\/willizblog.de\/?p=10652"},"modified":"2019-10-11T08:57:42","modified_gmt":"2019-10-11T08:57:42","slug":"selfie-vor-spiegel-noch-10-tage-bis-buffalo","status":"publish","type":"post","link":"https:\/\/willizblog.de\/?p=10652","title":{"rendered":"Selfie vor Spiegel \u2013 noch 10 Tage bis Buffalo"},"content":{"rendered":"<p>\u00dcber <a href=\"https:\/\/de.wikipedia.org\/wiki\/Selfie\" rel=\"noopener noreferrer\" target=\"_blank\">Selfies<\/a> habe ich mich schon einmal ausgelassen (<a href=\"https:\/\/willizblog.de\/?p=9474\" rel=\"noopener noreferrer\" target=\"_blank\">Die 1000 Augen der Smombies<\/a>), eigentlich \u00fcber mit dem Smartphone oder dem Tablet gemachte Videos \u2013 im Hochkant-Format \ud83d\ude41 . Im Endspurt dem Ziel Rente entgegen \u201abegl\u00fccke\u2018 ich Euch nun schon seit Tagen mit eben solchen Selbstportr\u00e4ts, die ich auf der Arbeit (und auch schon mal zu Hause) fotografisch festgehalten habe.<\/p>\n<p>Selfies haben den Vorteil, dass kein Fotograf gebraucht wird. Fotograf ist man\/frau selbst. Smartphones und Tablets haben in der Regel zwei Kameras, eine vorn und eine hinten. Die Kameras hinten (damit vorn das Bild zu sehen ist) haben meist eine h\u00f6here Aufl\u00f6sung und damit eine bessere Qualit\u00e4t. F\u00fcr Selfies allerdings wird meist die vordere Kamera genutzt (um sich selbst zu sehen). Um nun die bessere Qualit\u00e4t der hinteren Kamera zu nutzen, braucht es einen Spiegel. Dabei gibt es dann aber Schwierigkeiten mit der Kamera (besonders bei dem kleinen Display eines Smartphones), die nat\u00fcrlich mit ins Bild kommt und oft sogar das Gesicht des Selfie-Fotografen verdeckt (manchmal ist das allerdings auch Absicht).<\/p>\n<p><img src=\"https:\/\/www.willizblog.de\/pics\/williz_letzte_arbeitstage_10.jpg\" alt=\"Willi im Selfie vor einem Spiegel\u2013 noch 10 Tage bis zur Rente\" title=\"Willi im Selfie vor einem Spiegel\u2013 noch 10 Tage bis zur Rente\" \/><br \/>\nWilli im Selfie vor einem Spiegel\u2013 noch 10 Tage bis zur Rente<\/p>\n<p>Nun so 10 Arbeitstage vor meinem Gang in den Ruhestand habe ich den Spiegel im ehemaligen Zimmer meines j\u00fcngeren Sohnes (der h\u00e4ngt an der T\u00fcr \u2013 der Spiegel, nicht mein Sohn) genutzt, um ein entsprechendes Selfie zu \u201aschie\u00dfen\u2018. Okay, ich h\u00e4tte das Tablet etwas tiefer halten k\u00f6nnen, dann w\u00e4re meine ganze Fratze zu sehen. Aber ich gestehe, diese Aufnahme genauso mit Vorsatz gemacht zu haben. Nein, nicht um Werbung f\u00fcr den Hersteller des Tablets zu machen (der Name ist spiegelverkehrt und kaum zu lesen). Neben Nase, bebrillten Augen und grauem Schopf sind von mir meine ach so filigranen Fingerchen zu sehen, mit denen ich das Tablet halte. <em>Eijeijei!<\/em><\/p>\n<p>Das Bild mit der jungen Dame (Selfie mit Handy von dem Gesicht) h\u00e4ngt nat\u00fcrlich nicht an der Wand hinter mir. Ich habe es ins Foto hineingemogelt. Leicht zu erkennen an der Perspektive, denn die Wand ist schr\u00e4g, so h\u00e4tte es auch das Bild sein m\u00fcssen (trapezf\u00f6rmig).<\/p>\n<p>Nun ist aber gut \u2026 wie schon erw\u00e4hnt: Es sind noch 10 Arbeitstage bis zu meiner Rente!<\/p>\n","protected":false},"excerpt":{"rendered":"<p>\u00dcber Selfies habe ich mich schon einmal ausgelassen (Die 1000 Augen der Smombies), eigentlich \u00fcber mit dem Smartphone oder dem Tablet gemachte Videos \u2013 im Hochkant-Format \ud83d\ude41 . Im Endspurt dem Ziel Rente entgegen \u201abegl\u00fccke\u2018 ich Euch nun schon seit Tagen mit eben solchen Selbstportr\u00e4ts, die ich auf der Arbeit (und auch schon mal zu &hellip; <a href=\"https:\/\/willizblog.de\/?p=10652\" class=\"more-link\"><span class=\"screen-reader-text\">Selfie vor Spiegel \u2013 noch 10 Tage bis Buffalo<\/span> weiterlesen <span class=\"meta-nav\">&rarr;<\/span><\/a><\/p>\n","protected":false},"author":1,"featured_media":0,"comment_status":"open","ping_status":"open","sticky":false,"template":"","format":"standard","meta":[],"categories":[1],"tags":[],"_links":{"self":[{"href":"https:\/\/willizblog.de\/index.php?rest_route=\/wp\/v2\/posts\/10652"}],"collection":[{"href":"https:\/\/willizblog.de\/index.php?rest_route=\/wp\/v2\/posts"}],"about":[{"href":"https:\/\/willizblog.de\/index.php?rest_route=\/wp\/v2\/types\/post"}],"author":[{"embeddable":true,"href":"https:\/\/willizblog.de\/index.php?rest_route=\/wp\/v2\/users\/1"}],"replies":[{"embeddable":true,"href":"https:\/\/willizblog.de\/index.php?rest_route=%2Fwp%2Fv2%2Fcomments&post=10652"}],"version-history":[{"count":0,"href":"https:\/\/willizblog.de\/index.php?rest_route=\/wp\/v2\/posts\/10652\/revisions"}],"wp:attachment":[{"href":"https:\/\/willizblog.de\/index.php?rest_route=%2Fwp%2Fv2%2Fmedia&parent=10652"}],"wp:term":[{"taxonomy":"category","embeddable":true,"href":"https:\/\/willizblog.de\/index.php?rest_route=%2Fwp%2Fv2%2Fcategories&post=10652"},{"taxonomy":"post_tag","embeddable":true,"href":"https:\/\/willizblog.de\/index.php?rest_route=%2Fwp%2Fv2%2Ftags&post=10652"}],"curies":[{"name":"wp","href":"https:\/\/api.w.org\/{rel}","templated":true}]}}