{"id":10656,"date":"2019-10-15T04:33:47","date_gmt":"2019-10-15T04:33:47","guid":{"rendered":"https:\/\/willizblog.de\/?p=10656"},"modified":"2019-10-14T09:47:41","modified_gmt":"2019-10-14T09:47:41","slug":"reise-in-die-vergangenheit-noch-8-tage-bis-zur-neige","status":"publish","type":"post","link":"https:\/\/willizblog.de\/?p=10656","title":{"rendered":"Reise in die Vergangenheit \u2013 noch 8 Tage bis zur Neige"},"content":{"rendered":"<p>Ach, vor 50 Jahren, war ich noch ein J\u00fcngling mit (dunkel-)blondem Haar. Da ereignete es sich, dass ich mit der Musik einer britischen Rockgruppe namens <a href=\"https:\/\/willizblog.de\/?cat=9\" rel=\"noopener noreferrer\" target=\"_blank\">Jethro Tull<\/a> bekannt wurde. Und an einem Tag, dem 06.09.1969 [leicht zu merken], kaufte ich mir die erste <a href=\"https:\/\/de.wikipedia.org\/wiki\/Schallplatte#Formate\" rel=\"noopener noreferrer\" target=\"_blank\">Langspielplatte (LP)<\/a> meines Lebens, eben das damals aktuelle Album dieser Gruppe: <a href=\"https:\/\/de.wikipedia.org\/wiki\/Stand_Up_(Album)\" rel=\"noopener noreferrer\" target=\"_blank\">Stand Up<\/a>.<\/p>\n<p><img src=\"https:\/\/www.willizblog.de\/pics\/williz_letzte_arbeitstage_tullsw.jpg\" alt=\"Willi zeitreist zu einem Konzert von Jethro Tull (ca. 1969)\" title=\"Willi zeitreist zu einem Konzert von Jethro Tull (ca. 1969)\" \/><br \/>\nWilli zeitreist zu einem Konzert von Jethro Tull (ca. 1969)<\/p>\n<p>L\u00e4ngst sind meine Haare grau geworden. Und den beiden Herren auf dem Bild (Martin Barre\/Gitarre und Ian Anderson\/Querfl\u00f6te) sind die Haare sp\u00e4rlicher geworden. Trotzdem sind sie immer noch auf Achse und touren mit ihren Bands durch die Weltgeschichte (sie haben sich vor einigen Jahren getrennt \u2013 Jethro Tull gibt es nicht mehr, wenn sich die beiden auch immer noch auf diese Gruppe berufen, z.B. <em>JETHRO TULL performed by Ian Anderson<\/em> oder <em>Martin Barre Band celebrates 50 Years of Jethro Tull<\/em>). An den Ruhestand denken sie nicht! Wahrscheinlich geht es eines Tages von der B\u00fchne gleich in die Kiste \u2026<\/p>\n<p>Gern w\u00fcrde ich mich (wie auf dem Bild) auf Zeitreise begeben und noch einmal einen Teil der ersten Jahre dieser Gruppe sehen und h\u00f6ren wollen. Nat\u00fcrlich k\u00f6nnte ich in diesen Tagen in eines der Konzerte der beiden gehen (Ian Anderson mit Martin Barre, als die Gruppe noch Jethro Tull hie\u00df, habe ich zuletzt <a href=\"https:\/\/willizblog.de\/?p=169\" rel=\"noopener noreferrer\" target=\"_blank\">2005<\/a>, die Martin Bare Band <a href=\"https:\/\/willizblog.de\/?p=7790\" rel=\"noopener noreferrer\" target=\"_blank\">2013<\/a> live gesehen). Das meine ich nat\u00fcrlich nicht \u2026 &#8211; Und so entspricht mein verwirrter Blick auf dem Bild meiner inneren Verfassung (in Bezug auf Jethro Tull).<\/p>\n<p>Die Zeit l\u00e4sst sich nicht zur\u00fcckspulen. Und anders als es die beiden Herren tun, werde ich in wenigen Tagen (noch acht Arbeitstage) in Ruhestand gehen. Ich habe mir das verdient.<\/p>\n","protected":false},"excerpt":{"rendered":"<p>Ach, vor 50 Jahren, war ich noch ein J\u00fcngling mit (dunkel-)blondem Haar. Da ereignete es sich, dass ich mit der Musik einer britischen Rockgruppe namens Jethro Tull bekannt wurde. Und an einem Tag, dem 06.09.1969 [leicht zu merken], kaufte ich mir die erste Langspielplatte (LP) meines Lebens, eben das damals aktuelle Album dieser Gruppe: Stand &hellip; <a href=\"https:\/\/willizblog.de\/?p=10656\" class=\"more-link\"><span class=\"screen-reader-text\">Reise in die Vergangenheit \u2013 noch 8 Tage bis zur Neige<\/span> weiterlesen <span class=\"meta-nav\">&rarr;<\/span><\/a><\/p>\n","protected":false},"author":1,"featured_media":0,"comment_status":"open","ping_status":"open","sticky":false,"template":"","format":"standard","meta":[],"categories":[18,9],"tags":[],"_links":{"self":[{"href":"https:\/\/willizblog.de\/index.php?rest_route=\/wp\/v2\/posts\/10656"}],"collection":[{"href":"https:\/\/willizblog.de\/index.php?rest_route=\/wp\/v2\/posts"}],"about":[{"href":"https:\/\/willizblog.de\/index.php?rest_route=\/wp\/v2\/types\/post"}],"author":[{"embeddable":true,"href":"https:\/\/willizblog.de\/index.php?rest_route=\/wp\/v2\/users\/1"}],"replies":[{"embeddable":true,"href":"https:\/\/willizblog.de\/index.php?rest_route=%2Fwp%2Fv2%2Fcomments&post=10656"}],"version-history":[{"count":0,"href":"https:\/\/willizblog.de\/index.php?rest_route=\/wp\/v2\/posts\/10656\/revisions"}],"wp:attachment":[{"href":"https:\/\/willizblog.de\/index.php?rest_route=%2Fwp%2Fv2%2Fmedia&parent=10656"}],"wp:term":[{"taxonomy":"category","embeddable":true,"href":"https:\/\/willizblog.de\/index.php?rest_route=%2Fwp%2Fv2%2Fcategories&post=10656"},{"taxonomy":"post_tag","embeddable":true,"href":"https:\/\/willizblog.de\/index.php?rest_route=%2Fwp%2Fv2%2Ftags&post=10656"}],"curies":[{"name":"wp","href":"https:\/\/api.w.org\/{rel}","templated":true}]}}