{"id":10685,"date":"2019-10-28T04:55:06","date_gmt":"2019-10-28T04:55:06","guid":{"rendered":"https:\/\/willizblog.de\/?p=10685"},"modified":"2019-10-24T07:57:36","modified_gmt":"2019-10-24T07:57:36","slug":"spuren-beseitigen-noch-3-tage-bis-ultimo","status":"publish","type":"post","link":"https:\/\/willizblog.de\/?p=10685","title":{"rendered":"Spuren beseitigen \u2013 noch 3 Tage bis Ultimo"},"content":{"rendered":"<p><a href=\"https:\/\/youtu.be\/kMAHqLIdTqg\" rel=\"noopener noreferrer\" target=\"_blank\">Heidewitzka, Herr Kapit\u00e4n!<\/a> Nun wird es Zeit, die Spuren, die ich allerorts auf der Arbeit hinterlassen habe, zu tilgen. Drei Rechner stehen unter meinem Schreibtisch und auf jedem findet sich etwas, das dort mehr nicht hingeh\u00f6rt, wenn ich den Arbeitsplatz in drei Tagen f\u00fcr immer verlassen werde.<\/p>\n<p>Keine Angst, es ist nichts Unrechtes oder gar strafrechtlich Verfolgbares. So einer bin ich nicht, auch wenn mir anonyme E-Mails immer wieder einzureden versuchten, ich h\u00e4tte da vor laufender Kamera schlimme Sachen getan. Meine Rechner haben keine Kameras. Und <a href=\"https:\/\/de.wikipedia.org\/wiki\/Bitcoin\" rel=\"noopener noreferrer\" target=\"_blank\">Bitcoin<\/a> ist nicht meine W\u00e4hrung.<\/p>\n<p><img src=\"https:\/\/www.willizblog.de\/pics\/spuren_beseitigen.jpg\" alt=\"Willi beseitigt seine Spuren \u2013 noch 3 Tage bis zur Rente\" title=\"Willi beseitigt seine Spuren \u2013 noch 3 Tage bis zur Rente\" \/><br \/>\nWilli beseitigt seine Spuren \u2013 noch 3 Tage bis zur Rente<\/p>\n<p>Aber es sind schon private Sachen auf den Rechnern. Und mancher Beitrag in diesem Blog wurde w\u00e4hrend der Arbeitsstunden verfasst (wie dieser hier). Also weg damit! Gel\u00f6scht! Und den \u201aPapierkorb\u2018 nicht vergessen, in dem alles zun\u00e4chst zwischengelagert wird!<\/p>\n<p>Und den realen Arbeitsplatz muss ich auch noch aufr\u00e4umen. Manches landet im M\u00fcll, anderes werde ich nach Hause tragen m\u00fcssen. Nach \u00fcber drei\u00dfig Jahren in einer Firma hat sich vieles angesammelt (auch in Papierform), das der Entsorgung harrt.<\/p>\n<p>Wie geschrieben: Es sind nur noch drei Arbeitstage, dann kommt der wohlverdiente \u201aRuhestand\u2018!<\/p>\n","protected":false},"excerpt":{"rendered":"<p>Heidewitzka, Herr Kapit\u00e4n! Nun wird es Zeit, die Spuren, die ich allerorts auf der Arbeit hinterlassen habe, zu tilgen. Drei Rechner stehen unter meinem Schreibtisch und auf jedem findet sich etwas, das dort mehr nicht hingeh\u00f6rt, wenn ich den Arbeitsplatz in drei Tagen f\u00fcr immer verlassen werde. Keine Angst, es ist nichts Unrechtes oder gar &hellip; <a href=\"https:\/\/willizblog.de\/?p=10685\" class=\"more-link\"><span class=\"screen-reader-text\">Spuren beseitigen \u2013 noch 3 Tage bis Ultimo<\/span> weiterlesen <span class=\"meta-nav\">&rarr;<\/span><\/a><\/p>\n","protected":false},"author":1,"featured_media":0,"comment_status":"open","ping_status":"open","sticky":false,"template":"","format":"standard","meta":[],"categories":[18],"tags":[],"_links":{"self":[{"href":"https:\/\/willizblog.de\/index.php?rest_route=\/wp\/v2\/posts\/10685"}],"collection":[{"href":"https:\/\/willizblog.de\/index.php?rest_route=\/wp\/v2\/posts"}],"about":[{"href":"https:\/\/willizblog.de\/index.php?rest_route=\/wp\/v2\/types\/post"}],"author":[{"embeddable":true,"href":"https:\/\/willizblog.de\/index.php?rest_route=\/wp\/v2\/users\/1"}],"replies":[{"embeddable":true,"href":"https:\/\/willizblog.de\/index.php?rest_route=%2Fwp%2Fv2%2Fcomments&post=10685"}],"version-history":[{"count":0,"href":"https:\/\/willizblog.de\/index.php?rest_route=\/wp\/v2\/posts\/10685\/revisions"}],"wp:attachment":[{"href":"https:\/\/willizblog.de\/index.php?rest_route=%2Fwp%2Fv2%2Fmedia&parent=10685"}],"wp:term":[{"taxonomy":"category","embeddable":true,"href":"https:\/\/willizblog.de\/index.php?rest_route=%2Fwp%2Fv2%2Fcategories&post=10685"},{"taxonomy":"post_tag","embeddable":true,"href":"https:\/\/willizblog.de\/index.php?rest_route=%2Fwp%2Fv2%2Ftags&post=10685"}],"curies":[{"name":"wp","href":"https:\/\/api.w.org\/{rel}","templated":true}]}}