{"id":10707,"date":"2019-11-14T16:40:41","date_gmt":"2019-11-14T16:40:41","guid":{"rendered":"https:\/\/willizblog.de\/?p=10707"},"modified":"2019-11-14T16:40:41","modified_gmt":"2019-11-14T16:40:41","slug":"willi-auf-radtour-01-durch-waelder","status":"publish","type":"post","link":"https:\/\/willizblog.de\/?p=10707","title":{"rendered":"Willi auf Radtour (01): Durch W\u00e4lder"},"content":{"rendered":"<p>Ja, so langsam kommt mein Rentnerdasein in Gang &#8211; mit sieben G\u00e4nge auf dem Rad durch die Wildnis rund um meinen Wohnort. Meine Lieben hatten mir ja vor \u00fcber einem Jahr ein <a href=\"https:\/\/willizblog.de\/?p=10428\" rel=\"noopener noreferrer\" target=\"_blank\">E-Bike<\/a> zugestanden (nach der Knie-OP war ich so schnell wieder mobil). Und jetzt als Neu-Rentner nutze ich das, um bei zwar kaltem, aber meist doch sonnigen Wetter die Gegend unsicher zu machen.<\/p>\n<p><img src=\"https:\/\/www.willizblog.de\/pics\/willi_on_tour2019_11_00.jpg\" alt=\"Willis Fahrrad am Wegesrand\" title=\"Willis Fahrrad am Wegesrand\" \/><br \/>\nWillis Fahrrad am Wegesrand<\/p>\n<p>Mal scheint die Sonne, mal ist es bedeckt, aber immer ist es schon ziemlich kalt (so zwischen 2 und 4 \u00b0 C bei \u00f6stlichen Winden). Da helfen nur eine dicke Jacke, Handschuhe und M\u00fctze.<\/p>\n<p><img src=\"https:\/\/www.willizblog.de\/pics\/willi_on_tour2019_11_01.jpg\" alt=\"Willi l\u00e4sst sich von der Sonne bescheinen\" title=\"Willi l\u00e4sst sich von der Sonne bescheinen\" \/><br \/>\nWilli l\u00e4sst sich von der Sonne bescheinen<\/p>\n<p>Rund um Tostedt bl\u00fcht nicht nur die L\u00fcneburger Heide (wenn sie bl\u00fcht), sondern nachdem es mit der Schafhaltung nicht mehr so \u00fcppig ist, wachsen auch wieder B\u00e4ume und so sah ich vor lauter B\u00e4umen durchaus W\u00e4lder, die sich neben Heide, Wiesen und weiteren landwirtschaftlich genutzten Arealen \u00fcber weite Fl\u00e4chen rund um den Ort erstrecken.<\/p>\n<p><img src=\"https:\/\/www.willizblog.de\/pics\/willi_on_tour2019_11_0101.jpg\" alt=\"Im Wald (1) - unterhalb des Otterbergs in der N\u00e4he des Schafstalls Riepshof\" title=\"Im Wald (1) - unterhalb des Otterbergs in der N\u00e4he des Schafstalls Riepshof\" \/><br \/>\nIm Wald (1) &#8211; unterhalb des Otterbergs in der N\u00e4he des Schafstalls Riepshof<\/p>\n<p>Eine Tour f\u00fchrte mich durch einen Wald, durch den der <a href=\"https:\/\/www.otter.de\/verzeichnis\/visitenkarte.php?mandat=141868\" rel=\"noopener noreferrer\" target=\"_blank\">Schafstall Riepshof<\/a> zu erreichen ist. Es hat etwas gedauert, aber nun verf\u00e4rben sich die Bl\u00e4tter herbstlich in rot, gelb und braun. Gleich um die Ecke bei uns gibt es das W\u00e4ldchen <a href=\"https:\/\/www.nabu-buchholz.de\/nabu-biotope-archiv\/biotop-d%C3%BCvelsh%C3%B6pen\/\" rel=\"noopener noreferrer\" target=\"_blank\">D\u00fcvelsh\u00f6pen<\/a> (D\u00fcvel ist der Teufel &#8211; H\u00f6pen hei\u00dft eigentlich Hoffen, ist aber irgendwie auch eine Landschaftsbezeichnung, alles ist plattdeutsch).<\/p>\n<p><img src=\"https:\/\/www.willizblog.de\/pics\/willi_on_tour2019_11_0102.jpg\" alt=\"Im Wald (2) - Im D\u00fcvelsh\u00f6pen\" title=\"Im Wald (2) - Im D\u00fcvelsh\u00f6pen\" \/><br \/>\nIm Wald (2) &#8211; Im D\u00fcvelsh\u00f6pen<\/p>\n<p>Nat\u00fcrlich gibt es nicht nur Wald zu sehen, sondern per Rad lassen sich auch flie\u00dfende Gew\u00e4sser, dazu Br\u00fccken, und nat\u00fcrlich auch Tiere ansteuern und beobachten. Niedersachsen hat ja ein Pferd im Wappen. Und so sind an vielen Orten auch diese behuften S\u00e4ugetiere zu sichten.<\/p>\n","protected":false},"excerpt":{"rendered":"<p>Ja, so langsam kommt mein Rentnerdasein in Gang &#8211; mit sieben G\u00e4nge auf dem Rad durch die Wildnis rund um meinen Wohnort. Meine Lieben hatten mir ja vor \u00fcber einem Jahr ein E-Bike zugestanden (nach der Knie-OP war ich so schnell wieder mobil). Und jetzt als Neu-Rentner nutze ich das, um bei zwar kaltem, aber &hellip; <a href=\"https:\/\/willizblog.de\/?p=10707\" class=\"more-link\"><span class=\"screen-reader-text\">Willi auf Radtour (01): Durch W\u00e4lder<\/span> weiterlesen <span class=\"meta-nav\">&rarr;<\/span><\/a><\/p>\n","protected":false},"author":1,"featured_media":0,"comment_status":"open","ping_status":"open","sticky":false,"template":"","format":"standard","meta":[],"categories":[11],"tags":[],"_links":{"self":[{"href":"https:\/\/willizblog.de\/index.php?rest_route=\/wp\/v2\/posts\/10707"}],"collection":[{"href":"https:\/\/willizblog.de\/index.php?rest_route=\/wp\/v2\/posts"}],"about":[{"href":"https:\/\/willizblog.de\/index.php?rest_route=\/wp\/v2\/types\/post"}],"author":[{"embeddable":true,"href":"https:\/\/willizblog.de\/index.php?rest_route=\/wp\/v2\/users\/1"}],"replies":[{"embeddable":true,"href":"https:\/\/willizblog.de\/index.php?rest_route=%2Fwp%2Fv2%2Fcomments&post=10707"}],"version-history":[{"count":0,"href":"https:\/\/willizblog.de\/index.php?rest_route=\/wp\/v2\/posts\/10707\/revisions"}],"wp:attachment":[{"href":"https:\/\/willizblog.de\/index.php?rest_route=%2Fwp%2Fv2%2Fmedia&parent=10707"}],"wp:term":[{"taxonomy":"category","embeddable":true,"href":"https:\/\/willizblog.de\/index.php?rest_route=%2Fwp%2Fv2%2Fcategories&post=10707"},{"taxonomy":"post_tag","embeddable":true,"href":"https:\/\/willizblog.de\/index.php?rest_route=%2Fwp%2Fv2%2Ftags&post=10707"}],"curies":[{"name":"wp","href":"https:\/\/api.w.org\/{rel}","templated":true}]}}