{"id":10714,"date":"2019-11-17T16:30:59","date_gmt":"2019-11-17T16:30:59","guid":{"rendered":"https:\/\/willizblog.de\/?p=10714"},"modified":"2019-11-27T14:51:47","modified_gmt":"2019-11-27T14:51:47","slug":"willi-auf-radtour-03-bruecken","status":"publish","type":"post","link":"https:\/\/willizblog.de\/?p=10714","title":{"rendered":"Willi auf Radtour (03): Br\u00fccken"},"content":{"rendered":"<p>Es gibt f\u00fcr mich eine Vorliebe f\u00fcr Wasser: Ich mag Fl\u00fcsse, noch mehr Seen und besonders <a href=\"https:\/\/willizblog.de\/?p=1323\" rel=\"noopener noreferrer\" target=\"_blank\">das offene Meer<\/a>, ob nun vom Festland betrachtet oder <a href=\"https:\/\/willizblog.de\/?p=1349\" rel=\"noopener noreferrer\" target=\"_blank\">von einer Insel<\/a>. So manchen Urlaub haben wir dort verbracht, wo auch Wasser in der N\u00e4he ist. Selbst in den tiefen S\u00fcden Deutschlands an die Zugspitze zog es uns, weil es dort neben Wildgew\u00e4ssern auch den <a href=\"https:\/\/willizblog.de\/?s=eibsee\" rel=\"noopener noreferrer\" target=\"_blank\">Eibsee<\/a> gibt.<\/p>\n<p>Mit diesem Beitrag will ich eine neue Kategorie, einen neuen Themenkreis, er\u00f6ffnen, der sich mit Br\u00fccken besch\u00e4ftigt. Bekanntlich gibt es St\u00e4dte wie Venedig, die vor allem durch ihre Br\u00fccken bekannt sind. Hamburg, so sagt man, h\u00e4tte allerdings mehr Br\u00fccken als Venedig. Und wer Hamburg kennt, wird dort \u00fcber viele Br\u00fccken gegangen sein, die oft gar nicht als solche erkennbar sind (z.B. viele Bahnbr\u00fccken). Ich wei\u00df nicht, \u00fcber wie viele Br\u00fccken ich bereits gegangen bin. Br\u00fccken haben etwas Verbindendes. Nicht nur, dass sie ein Ufer, ob nun das von Fl\u00fc\u00dfen oder das \u00fcber Meeresengen, mit dem anderen verbinden. Sie verbinden gewisserma\u00dfen auch Menschen.<\/p>\n<p>Ein kleiner Abstecher: Neben Br\u00fccken verbinden auch F\u00e4hren Gestade miteinander. An die erste F\u00e4hre, an die ich mich erinnere, ist die <a href=\"https:\/\/www.hal-oever.de\/flotte\/sielwallfaehre.html\" rel=\"noopener noreferrer\" target=\"_blank\">Sielwallf\u00e4hre<\/a> in Bremen, die in wenigen Minuten \u00fcber die Weser f\u00fchrt und die Neust\u00e4dter z.B. schnell zum <a href=\"http:\/\/weserstadion.de\/\" rel=\"noopener noreferrer\" target=\"_blank\">Weserstadion<\/a> f\u00fchrt. Aber das ist schon ein Thema f\u00fcr sich. Eine der letzten F\u00e4hren, mit der ich mit meiner Frau gefahren bin, ist die zur <a href=\"https:\/\/willizblog.de\/?s=hooge\" rel=\"noopener noreferrer\" target=\"_blank\">Hallig Hooge<\/a>.<\/p>\n<p>Komme ich zu den Br\u00fccken zur\u00fcck: W\u00e4hrend meiner kleinen Touren mit dem Rad durch das Umfeld meines Wohnortes <a href=\"https:\/\/de.wikipedia.org\/wiki\/Tostedt\" rel=\"noopener noreferrer\" target=\"_blank\">Tostedt<\/a> bin ich auch \u00fcber verschiedenen Br\u00fccken gekommen. Wenige Kilometer westlich von Tostedt befindet sich eine <a href=\"https:\/\/de.wikipedia.org\/wiki\/Wasserscheide\" rel=\"noopener noreferrer\" target=\"_blank\">Wasserscheide<\/a>. Die einen Fl\u00fcsse flie\u00dfen in Richtung Weser, andere enden in der Elbe. Die <a href=\"https:\/\/de.wikipedia.org\/wiki\/W%C3%BCmme\" rel=\"noopener noreferrer\" target=\"_blank\">W\u00fcmme<\/a> (plattdeutsch W\u00fcmm) ist der 118 km lange Hauptquellfluss der Lesum, die ab der Vereinigung mit der von Nordosten (rechts) herankommenden Hamme noch weitere 10 Kilometer bis zur M\u00fcndung in die Unterweser zur\u00fccklegt. Die Quelle der W\u00fcmme liegt im h\u00f6chsten Teil der L\u00fcneburger Heide im Naturschutzgebiet L\u00fcneburger Heide s\u00fcdlich von Niederhaverbeck. Nur wenige Kilometer von der Quelle entfernt entspringt auch die Este, die allerdings in die Elbe m\u00fcndet.<\/p>\n<p><img src=\"https:\/\/www.willizblog.de\/pics\/willi_on_tour2019_11_13.jpg\" alt=\"Plan von Riepshof mit Schafstall und W\u00fcmme\" title=\"Plan von Riepshof mit Schafstall und W\u00fcmme\" \/><br \/>\nPlan von Riepshof mit Schafstall und W\u00fcmme<\/p>\n<p>Um von Tostedt \u00fcber Riepshof nach K\u00f6nigsmoor zu kommen, muss die W\u00fcmme \u00fcber eine kleine Br\u00fccke \u00fcberquert werden. Hier ist der Flu\u00df noch schmal.<\/p>\n<p><img src=\"https:\/\/www.willizblog.de\/pics\/willi_on_tour2019_11_09.jpg\" alt=\"Br\u00fccke \u00fcber die W\u00fcmme bei Riepshof\" title=\"Br\u00fccke \u00fcber die W\u00fcmme bei Riepshof\" \/><br \/>\nBr\u00fccke \u00fcber die W\u00fcmme bei Riepshof<\/p>\n<p>Durch das W\u00e4ldchen <a href=\"https:\/\/www.nabu-buchholz.de\/nabu-biotope-archiv\/biotop-d%C3%BCvelsh%C3%B6pen\/\" rel=\"noopener noreferrer\" target=\"_blank\">D\u00fcvelsh\u00f6pen<\/a> flie\u00dft der <em>Tostedter Graben<\/em>, der in die <a href=\"https:\/\/de.wikipedia.org\/wiki\/Oste\" rel=\"noopener noreferrer\" target=\"_blank\">Oste<\/a> m\u00fcndet, die wiederum in die Elbe flie\u00dft. Neben einer kleinen Br\u00fcck als Stein &#8230;.<\/p>\n<p><img src=\"https:\/\/www.willizblog.de\/pics\/willi_on_tour2019_11_10.jpg\" alt=\"Steinbr\u00fccke \u00fcber den Tostedter Graben in D\u00fcvelsh\u00f6pen\" title=\"Steinbr\u00fccke \u00fcber den Tostedter Graben in D\u00fcvelsh\u00f6pen\" \/><br \/>\nSteinbr\u00fccke \u00fcber den Tostedter Graben in D\u00fcvelsh\u00f6pen<\/p>\n<p>&#8230; gibt es mehrere Holzbr\u00fccken, die \u00fcber das kleine Gew\u00e4sser f\u00fchren. Gerade solche Br\u00fccken f\u00fcgen sich wunderbar in die herbstliche Waldlandschaft ein.<\/p>\n<p><img src=\"https:\/\/www.willizblog.de\/pics\/willi_on_tour2019_11_11.jpg\" alt=\"Eine von mehreren Holzbr\u00fccken \u00fcber den Tostedter Graben in D\u00fcvelsh\u00f6pen\" title=\"Eine von mehreren Holzbr\u00fccken \u00fcber den Tostedter Graben in D\u00fcvelsh\u00f6pen\" \/><br \/>\nEine von mehreren Holzbr\u00fccken \u00fcber den Tostedter Graben in D\u00fcvelsh\u00f6pen<\/p>\n<p>In der N\u00e4he von Tostedt gibt es den kleinen Ort <a href=\"http:\/\/www.kakenstorf.de\/site.aspx?s=B%C3%B6tersheim%20-%20OT%20-\" rel=\"noopener noreferrer\" target=\"_blank\">B\u00f6tersheim<\/a>, das zur Gemeinde Kakensdorf geh\u00f6rt. Es ist ein stller, geradezu idyllischer Ort, durch den die <a href=\"https:\/\/de.wikipedia.org\/wiki\/Este_(Fluss)\" rel=\"noopener noreferrer\" target=\"_blank\">Este<\/a>, ebenfalls ein Nebenfluss der Elbe (siehe oben), flie\u00dft. Neben einer Steinbr\u00fccke gibt es auch den unten gezeigten Steg, der aber nur zu finden ist, wenn sich der Wanderer durch ein W\u00e4ldchen schl\u00e4gt, in dem er auch die B\u00f6tersheimer Quelle findet, aus der angeblich heiliges, magisches Wasser entspringt und in der manche ein rituelles Bad in dem eiskalten Wasser nehmen. Wohl an!<\/p>\n<p><img src=\"https:\/\/www.willizblog.de\/pics\/willi_on_tour2019_11_12.jpg\" alt=\"Steg \u00fcber die Este bei B\u00f6tersheim\" title=\"Steg \u00fcber die Este bei B\u00f6tersheim\" \/><br \/>\nSteg \u00fcber die Este bei B\u00f6tersheim<\/p>\n","protected":false},"excerpt":{"rendered":"<p>Es gibt f\u00fcr mich eine Vorliebe f\u00fcr Wasser: Ich mag Fl\u00fcsse, noch mehr Seen und besonders das offene Meer, ob nun vom Festland betrachtet oder von einer Insel. So manchen Urlaub haben wir dort verbracht, wo auch Wasser in der N\u00e4he ist. Selbst in den tiefen S\u00fcden Deutschlands an die Zugspitze zog es uns, weil &hellip; <a href=\"https:\/\/willizblog.de\/?p=10714\" class=\"more-link\"><span class=\"screen-reader-text\">Willi auf Radtour (03): Br\u00fccken<\/span> weiterlesen <span class=\"meta-nav\">&rarr;<\/span><\/a><\/p>\n","protected":false},"author":1,"featured_media":0,"comment_status":"open","ping_status":"open","sticky":false,"template":"","format":"standard","meta":[],"categories":[464,11],"tags":[],"_links":{"self":[{"href":"https:\/\/willizblog.de\/index.php?rest_route=\/wp\/v2\/posts\/10714"}],"collection":[{"href":"https:\/\/willizblog.de\/index.php?rest_route=\/wp\/v2\/posts"}],"about":[{"href":"https:\/\/willizblog.de\/index.php?rest_route=\/wp\/v2\/types\/post"}],"author":[{"embeddable":true,"href":"https:\/\/willizblog.de\/index.php?rest_route=\/wp\/v2\/users\/1"}],"replies":[{"embeddable":true,"href":"https:\/\/willizblog.de\/index.php?rest_route=%2Fwp%2Fv2%2Fcomments&post=10714"}],"version-history":[{"count":0,"href":"https:\/\/willizblog.de\/index.php?rest_route=\/wp\/v2\/posts\/10714\/revisions"}],"wp:attachment":[{"href":"https:\/\/willizblog.de\/index.php?rest_route=%2Fwp%2Fv2%2Fmedia&parent=10714"}],"wp:term":[{"taxonomy":"category","embeddable":true,"href":"https:\/\/willizblog.de\/index.php?rest_route=%2Fwp%2Fv2%2Fcategories&post=10714"},{"taxonomy":"post_tag","embeddable":true,"href":"https:\/\/willizblog.de\/index.php?rest_route=%2Fwp%2Fv2%2Ftags&post=10714"}],"curies":[{"name":"wp","href":"https:\/\/api.w.org\/{rel}","templated":true}]}}