{"id":1072,"date":"2008-01-18T00:08:44","date_gmt":"2008-01-17T22:08:44","guid":{"rendered":"http:\/\/www.albinz.de\/blog\/?p=1072"},"modified":"2008-01-18T00:08:44","modified_gmt":"2008-01-17T22:08:44","slug":"nimm-deinen-hut-hartmut","status":"publish","type":"post","link":"https:\/\/willizblog.de\/?p=1072","title":{"rendered":"Nimm Deinen Hut, Hartmut!"},"content":{"rendered":"<p>Nachdem die Herren <a href=\"https:\/\/de.wikipedia.org\/wiki\/Hartmut_Mehdorn\" target=\"_blank\">Hartmut Mehdorn<\/a> und <a href=\"https:\/\/de.wikipedia.org\/wiki\/Manfred_Schell\" target=\"_blank\">Manfred Schell<\/a> die Republik in einem Monate andauernden ungekl\u00e4rten Tarifkonflikt in Atem gehalten haben, sieht es endlich nach einer L\u00f6sung aus. Aber noch bevor alles in trockene T\u00fccher gewickelt ist, legt der gute Hartmut, seines Zeichen Vorstandsvorsitzender der Deutschen Bahn AG, nach und k\u00fcndigt den Abbau von Stellen sowie weitere Preiserh\u00f6hungen bei der Bahn an. Mehdorn ist bekannt f\u00fcr seinen hemds\u00e4rmligen F\u00fchrungsstil und seine Ausrichtung auf das eine Ziel, n\u00e4mlich die Erh\u00f6hung der Wettbewerbsf\u00e4higkeit der DB AG, insbesondere im Hinblick auf die geplante teilweise Kapitalprivatisierung (Gang an die B\u00f6rse). Wenn er k\u00f6nnte, w\u00fcrde er sogar \u00fcber Leichen (z.B. \u00fcber die von Herrn Schell) gehen.<\/p>\n<p>So aber nicht, Herr Mehdorn! Man kann nicht mit der einen Hand die Wogen gl\u00e4tten und mit der anderen wieder in Wallung versetzen. &#8222;Diplomat wollte ich nie werden&#8220; lautet Mehdorns Biografie, wie wahr, denn diplomatisch ist diese Handlungsweise wirklich nicht.<\/p>\n<p>Die einen vermuten einen Racheakt des Bahn-Chefs. Andere, wie Hartmut Buyken vom Fahrgastverband Pro Bahn (noch ein Hartmut), halten die Forderung f\u00fcr v\u00f6llig \u00fcberzogen: &#8222;Herr Mehdorn br\u00fcstet sich mit Milliardengewinnen. Die Tarifeinigung mit den Lokf\u00fchrern kostet die Bahn aber nur einen zweistelligen Millionenbetrag.&#8220;<\/p>\n<p>Wie immer, so ist der Kunde der Dumme, der die Zeche zu bezahlen hat. Zun\u00e4chst hatte er durch die Streiks zu leiden. Und erst im Dezember, also vor gerade einmal 6 Wochen, sind die Bahn-Preise um drei Prozent erh\u00f6ht worden. Die andauernden Preiserh\u00f6hungen (zuletzt zweimal im Jahr) lassen durchaus eine unausgegorene Kalkulation der Preise bei der Bahn vermuten (kommt man bei der Bahn mit dem eigenen Preissystem nicht zurecht?).<\/p>\n<p><img src=\"https:\/\/www.willizblog.de\/blogpicts\/mehdorn_mit_hut.jpg\" alt=\"Mehdorn - mit Hut\" \/><\/p>\n<p>Mit 65 Jahren sind die meisten Menschen in Rente. Herr Mehdorn hat dieses Alter bereits \u00fcberschritten. Es wird Zeit zu gehen: Nimm endlich Deinen Hut, Hartmut!<\/p>\n<p>siehe zdf.de: <a href=\"http:\/\/www.heute.de\/ZDFheute\/inhalt\/17\/0,3672,7148721,00.html\" target=\"_blank\">Bahn baut Stellen ab und erh\u00f6ht Preise<\/a><\/p>\n","protected":false},"excerpt":{"rendered":"<p>Nachdem die Herren Hartmut Mehdorn und Manfred Schell die Republik in einem Monate andauernden ungekl\u00e4rten Tarifkonflikt in Atem gehalten haben, sieht es endlich nach einer L\u00f6sung aus. Aber noch bevor alles in trockene T\u00fccher gewickelt ist, legt der gute Hartmut, seines Zeichen Vorstandsvorsitzender der Deutschen Bahn AG, nach und k\u00fcndigt den Abbau von Stellen sowie &hellip; <a href=\"https:\/\/willizblog.de\/?p=1072\" class=\"more-link\"><span class=\"screen-reader-text\">Nimm Deinen Hut, Hartmut!<\/span> weiterlesen <span class=\"meta-nav\">&rarr;<\/span><\/a><\/p>\n","protected":false},"author":1,"featured_media":0,"comment_status":"open","ping_status":"closed","sticky":false,"template":"","format":"standard","meta":[],"categories":[22],"tags":[],"_links":{"self":[{"href":"https:\/\/willizblog.de\/index.php?rest_route=\/wp\/v2\/posts\/1072"}],"collection":[{"href":"https:\/\/willizblog.de\/index.php?rest_route=\/wp\/v2\/posts"}],"about":[{"href":"https:\/\/willizblog.de\/index.php?rest_route=\/wp\/v2\/types\/post"}],"author":[{"embeddable":true,"href":"https:\/\/willizblog.de\/index.php?rest_route=\/wp\/v2\/users\/1"}],"replies":[{"embeddable":true,"href":"https:\/\/willizblog.de\/index.php?rest_route=%2Fwp%2Fv2%2Fcomments&post=1072"}],"version-history":[{"count":0,"href":"https:\/\/willizblog.de\/index.php?rest_route=\/wp\/v2\/posts\/1072\/revisions"}],"wp:attachment":[{"href":"https:\/\/willizblog.de\/index.php?rest_route=%2Fwp%2Fv2%2Fmedia&parent=1072"}],"wp:term":[{"taxonomy":"category","embeddable":true,"href":"https:\/\/willizblog.de\/index.php?rest_route=%2Fwp%2Fv2%2Fcategories&post=1072"},{"taxonomy":"post_tag","embeddable":true,"href":"https:\/\/willizblog.de\/index.php?rest_route=%2Fwp%2Fv2%2Ftags&post=1072"}],"curies":[{"name":"wp","href":"https:\/\/api.w.org\/{rel}","templated":true}]}}