{"id":10726,"date":"2019-11-24T13:14:37","date_gmt":"2019-11-24T13:14:37","guid":{"rendered":"https:\/\/willizblog.de\/?p=10726"},"modified":"2019-11-24T13:18:31","modified_gmt":"2019-11-24T13:18:31","slug":"statt-europa-nun-doch-abtiegskampf","status":"publish","type":"post","link":"https:\/\/willizblog.de\/?p=10726","title":{"rendered":"Statt Europa nun doch Abstiegskampf?!"},"content":{"rendered":"<p>Es l\u00e4uft nicht rund beim SV Werder Bremen. In den letzten Wochen habe ich mir hier Kommentare erspart. Was soll ich da schreiben: Toll gespielt und doch verloren? Immerhin Punkte geholt in Dortmund, Frankfurt und Leverkusen? Pech gehabt gegen Hertha und den FC Freiburg (jeweils nur unentschieden gespielt)!<\/p>\n<p>Nun gegen Schalke, die trotz magerer Fu\u00dfballkost dank des 2:1-Sieges in Bremen \u00e4hnlich wie vor zwei Jahren vorn mitmischen, ging schief, was schief gehen konnte. Der einzigste H\u00f6hepunkt war da der Auftritt von Oldie Claudio Pizarro &#8211; und auch nur wegen seiner &#8217;neuen&#8216; Frisur:<\/p>\n<p><img src=\"https:\/\/www.willizblog.de\/pics\/werder1920_st12_schalke1_2_pizarro.jpg\" alt=\"Werder verliert gegen Schalke 1:2 trotz schnieken Pizarro\" title=\"Werder verliert gegen Schalke 1:2 trotz schnieken Pizarro\" \/><br \/>\nWerder verliert gegen Schalke 1:2 trotz <a href=\"https:\/\/de.wiktionary.org\/wiki\/schnieke\" rel=\"noopener noreferrer\" target=\"_blank\">schnieken<\/a> Pizarro<\/p>\n<p>Statt Europa winkt jetzt ein Abstiegskampf. Und wenn es hart auf hart kommt, wird nichts mit einem erneuten Nordderby gegen den HSV (wenn die Hamburger auf- und die Bremer absteigen).<\/p>\n<p>Oh ja, Abstiegskampf &#8211; denn es geht jetzt gegen Mannschaften wie Paderborn (14. Spieltag), Mainz (16. Spieltag) und K\u00f6ln (17. Spieltag), also die drei Letzten der Fu\u00dfball-Bundesliga. Und dann warten auch noch Brocken wie Wolfsburg (n\u00e4chster Spieltag) und Bayern (15. Spieltag) auf die Bremer (und das auch noch ausw\u00e4rts).<\/p>\n<p>Okay, nat\u00fcrlich gibt es in einem Jahr wieder das Nordderby. Aber nach acht Spielen ohne Sieg (drei Niederlagen und f\u00fcnf Unentschieden) m\u00fcssen so langsam wieder Punkte eingefahren werden, um dann &#8211; wenigstens das &#8211; im Mittelfeld der Bundesliga dahinzud\u00fcmpeln. Eher glaube ich an den Weihnachtsmann als an eine Qualifikation f\u00fcr Europa. Und Weihnachten ist ja auch schon bald &#8230;<\/p>\n","protected":false},"excerpt":{"rendered":"<p>Es l\u00e4uft nicht rund beim SV Werder Bremen. In den letzten Wochen habe ich mir hier Kommentare erspart. Was soll ich da schreiben: Toll gespielt und doch verloren? Immerhin Punkte geholt in Dortmund, Frankfurt und Leverkusen? Pech gehabt gegen Hertha und den FC Freiburg (jeweils nur unentschieden gespielt)! Nun gegen Schalke, die trotz magerer Fu\u00dfballkost &hellip; <a href=\"https:\/\/willizblog.de\/?p=10726\" class=\"more-link\"><span class=\"screen-reader-text\">Statt Europa nun doch Abstiegskampf?!<\/span> weiterlesen <span class=\"meta-nav\">&rarr;<\/span><\/a><\/p>\n","protected":false},"author":1,"featured_media":0,"comment_status":"open","ping_status":"open","sticky":false,"template":"","format":"standard","meta":[],"categories":[27],"tags":[],"_links":{"self":[{"href":"https:\/\/willizblog.de\/index.php?rest_route=\/wp\/v2\/posts\/10726"}],"collection":[{"href":"https:\/\/willizblog.de\/index.php?rest_route=\/wp\/v2\/posts"}],"about":[{"href":"https:\/\/willizblog.de\/index.php?rest_route=\/wp\/v2\/types\/post"}],"author":[{"embeddable":true,"href":"https:\/\/willizblog.de\/index.php?rest_route=\/wp\/v2\/users\/1"}],"replies":[{"embeddable":true,"href":"https:\/\/willizblog.de\/index.php?rest_route=%2Fwp%2Fv2%2Fcomments&post=10726"}],"version-history":[{"count":0,"href":"https:\/\/willizblog.de\/index.php?rest_route=\/wp\/v2\/posts\/10726\/revisions"}],"wp:attachment":[{"href":"https:\/\/willizblog.de\/index.php?rest_route=%2Fwp%2Fv2%2Fmedia&parent=10726"}],"wp:term":[{"taxonomy":"category","embeddable":true,"href":"https:\/\/willizblog.de\/index.php?rest_route=%2Fwp%2Fv2%2Fcategories&post=10726"},{"taxonomy":"post_tag","embeddable":true,"href":"https:\/\/willizblog.de\/index.php?rest_route=%2Fwp%2Fv2%2Ftags&post=10726"}],"curies":[{"name":"wp","href":"https:\/\/api.w.org\/{rel}","templated":true}]}}