{"id":10740,"date":"2019-12-06T12:31:05","date_gmt":"2019-12-06T12:31:05","guid":{"rendered":"https:\/\/willizblog.de\/?p=10740"},"modified":"2019-12-06T12:32:57","modified_gmt":"2019-12-06T12:32:57","slug":"wart-ihr-auch-alle-brav","status":"publish","type":"post","link":"https:\/\/willizblog.de\/?p=10740","title":{"rendered":"Wart Ihr auch alle brav?"},"content":{"rendered":"<p>Welche Frage? Die Antwort ist klar: <strong>Nat\u00fcrlich!<\/strong> Oder doch nicht? F\u00fcr die hat der gute Nikolaus bekanntlich seine Rute, mit der es dann Schl\u00e4ge geben k\u00f6nnte. Dass das p\u00e4dagogisch der Schnee von gestern ist, d\u00fcrfte auch dem Nikolaus bekannt geworden sein. So bleibt es bei der &#8218;Verwarnung&#8216;. Und wer immer brav und artig war, dem ist es dem b\u00e4rtigen Mann mit M\u00fctze auch nicht gerade recht. So etwas gibt es nicht, nur noch im Himmel! Kein Mensch ist ein Jahr lang ohne s\u00fcndhaftes Tun. Also: Wart Ihr auch das ganze letzte Jahr brav?<\/p>\n<p><img src=\"https:\/\/www.willizblog.de\/pics\/willi_nikolaus2019.jpg\" alt=\"Willi als Nikolaus - werder-bremisch\" title=\"Willi als Nikolaus - werder-bremisch\" \/><br \/>\nWilli als Nikolaus &#8211; werder-bremisch<\/p>\n<p><strong>Der Nikolaus<\/strong><\/p>\n<p>Hurra, gleich kommt der Nikolaus \u2013<br \/>\nO m\u00e4rchenbunte Aura!<br \/>\nWie gl\u00fccklich sehn die Kinder aus!<br \/>\nSie hei\u00dfen Tim und Laura.<\/p>\n<p>Jetzt klingelt es! Hurra, wie toll!<br \/>\nWir haben ihm geschrieben,<br \/>\nWie er die beiden loben soll:<br \/>\nWir kennen unsre Lieben.<\/p>\n<p>Er spricht. Und schmei\u00dft sie durcheinand\u2019,<br \/>\nDie Namen, Zahlen, Daten.<br \/>\nDas Briefing scheint ihm unbekannt.<br \/>\nEr spricht von b\u00f6sen Taten.<\/p>\n<p>O Nikolaus, o s\u00fc\u00dfer Brauch.<br \/>\nO Todesangst der Kleinen.<br \/>\nDas Gl\u00fcck ist weg, die Kohle auch.<br \/>\nDie Frau f\u00e4ngt an zu weinen.<\/p>\n<p>von <a href=\"https:\/\/www.thomasgsella.de\/\" rel=\"noopener noreferrer\" target=\"_blank\">Thomas Gsella<\/a> <a target=\"_blank\" href=\"https:\/\/www.amazon.de\/gp\/product\/3963180250\/ref=as_li_tl?ie=UTF8&#038;camp=1638&#038;creative=6742&#038;creativeASIN=3963180250&#038;linkCode=as2&#038;tag=familiealbin-21&#038;linkId=76228898e6a35899f52b5d92587a62f4\" rel=\"noopener noreferrer\">(<strong>Festgedichte<\/strong>: mit Zeichnungen von Rudi Hurzlmeier)<\/a><img loading=\"lazy\" src=\"\/\/ir-de.amazon-adsystem.com\/e\/ir?t=familiealbin-21&#038;l=am2&#038;o=3&#038;a=3963180250\" width=\"1\" height=\"1\" border=\"0\" alt=\"\" style=\"border:none !important; margin:0px !important;\" \/><\/p>\n","protected":false},"excerpt":{"rendered":"<p>Welche Frage? Die Antwort ist klar: Nat\u00fcrlich! Oder doch nicht? F\u00fcr die hat der gute Nikolaus bekanntlich seine Rute, mit der es dann Schl\u00e4ge geben k\u00f6nnte. Dass das p\u00e4dagogisch der Schnee von gestern ist, d\u00fcrfte auch dem Nikolaus bekannt geworden sein. So bleibt es bei der &#8218;Verwarnung&#8216;. Und wer immer brav und artig war, dem &hellip; <a href=\"https:\/\/willizblog.de\/?p=10740\" class=\"more-link\"><span class=\"screen-reader-text\">Wart Ihr auch alle brav?<\/span> weiterlesen <span class=\"meta-nav\">&rarr;<\/span><\/a><\/p>\n","protected":false},"author":1,"featured_media":0,"comment_status":"open","ping_status":"open","sticky":false,"template":"","format":"standard","meta":[],"categories":[33],"tags":[],"_links":{"self":[{"href":"https:\/\/willizblog.de\/index.php?rest_route=\/wp\/v2\/posts\/10740"}],"collection":[{"href":"https:\/\/willizblog.de\/index.php?rest_route=\/wp\/v2\/posts"}],"about":[{"href":"https:\/\/willizblog.de\/index.php?rest_route=\/wp\/v2\/types\/post"}],"author":[{"embeddable":true,"href":"https:\/\/willizblog.de\/index.php?rest_route=\/wp\/v2\/users\/1"}],"replies":[{"embeddable":true,"href":"https:\/\/willizblog.de\/index.php?rest_route=%2Fwp%2Fv2%2Fcomments&post=10740"}],"version-history":[{"count":0,"href":"https:\/\/willizblog.de\/index.php?rest_route=\/wp\/v2\/posts\/10740\/revisions"}],"wp:attachment":[{"href":"https:\/\/willizblog.de\/index.php?rest_route=%2Fwp%2Fv2%2Fmedia&parent=10740"}],"wp:term":[{"taxonomy":"category","embeddable":true,"href":"https:\/\/willizblog.de\/index.php?rest_route=%2Fwp%2Fv2%2Fcategories&post=10740"},{"taxonomy":"post_tag","embeddable":true,"href":"https:\/\/willizblog.de\/index.php?rest_route=%2Fwp%2Fv2%2Ftags&post=10740"}],"curies":[{"name":"wp","href":"https:\/\/api.w.org\/{rel}","templated":true}]}}