{"id":10761,"date":"2019-12-20T12:29:38","date_gmt":"2019-12-20T12:29:38","guid":{"rendered":"https:\/\/willizblog.de\/?p=10761"},"modified":"2019-12-20T12:29:38","modified_gmt":"2019-12-20T12:29:38","slug":"kurt-marti-event-advent","status":"publish","type":"post","link":"https:\/\/willizblog.de\/?p=10761","title":{"rendered":"Kurt Marti: event advent"},"content":{"rendered":"<p>die in nebelfeuchten st\u00e4dten wohnen<br \/>\nh\u00f6ren heilsarmeeges\u00e4nge<br \/>\nin den alpen schleudern die kanonen<br \/>\nkunstschnee auf noch gr\u00fcne h\u00e4nge<\/p>\n<ul><img src=\"https:\/\/www.willizblog.de\/images\/weihnachten_2012_tannenbaum.jpg\" alt=\"Tannenbaum bei Albins 2012\" title=\"Tannenbaum bei Albins 2012\" \/><br \/>\nTannenbaum bei Albins 2012<\/ul>\n<p>kl\u00e4use gibt`s und engel zur gen\u00fcge<br \/>\nbettler leiden unterm wetter<br \/>\nwers vermag bucht jetzt karibikfl\u00fcge<br \/>\njunge kaufen snowboardbretter<\/p>\n<p>jahr um jahr adventets k\u00fchner greller<br \/>\nein event in dunklen tagen<br \/>\nalle waren zirkulieren schneller \u2013<br \/>\nw\u00e4r`da sonst noch was zu sagen?<\/p>\n<p>von <a href=\"https:\/\/de.wikipedia.org\/wiki\/Kurt_Marti\" rel=\"noopener noreferrer\" target=\"_blank\">Kurt Marti<\/a><\/p>\n","protected":false},"excerpt":{"rendered":"<p>die in nebelfeuchten st\u00e4dten wohnen h\u00f6ren heilsarmeeges\u00e4nge in den alpen schleudern die kanonen kunstschnee auf noch gr\u00fcne h\u00e4nge Tannenbaum bei Albins 2012 kl\u00e4use gibt`s und engel zur gen\u00fcge bettler leiden unterm wetter wers vermag bucht jetzt karibikfl\u00fcge junge kaufen snowboardbretter jahr um jahr adventets k\u00fchner greller ein event in dunklen tagen alle waren zirkulieren schneller &hellip; <a href=\"https:\/\/willizblog.de\/?p=10761\" class=\"more-link\"><span class=\"screen-reader-text\">Kurt Marti: event advent<\/span> weiterlesen <span class=\"meta-nav\">&rarr;<\/span><\/a><\/p>\n","protected":false},"author":1,"featured_media":0,"comment_status":"open","ping_status":"open","sticky":false,"template":"","format":"standard","meta":[],"categories":[33],"tags":[],"_links":{"self":[{"href":"https:\/\/willizblog.de\/index.php?rest_route=\/wp\/v2\/posts\/10761"}],"collection":[{"href":"https:\/\/willizblog.de\/index.php?rest_route=\/wp\/v2\/posts"}],"about":[{"href":"https:\/\/willizblog.de\/index.php?rest_route=\/wp\/v2\/types\/post"}],"author":[{"embeddable":true,"href":"https:\/\/willizblog.de\/index.php?rest_route=\/wp\/v2\/users\/1"}],"replies":[{"embeddable":true,"href":"https:\/\/willizblog.de\/index.php?rest_route=%2Fwp%2Fv2%2Fcomments&post=10761"}],"version-history":[{"count":0,"href":"https:\/\/willizblog.de\/index.php?rest_route=\/wp\/v2\/posts\/10761\/revisions"}],"wp:attachment":[{"href":"https:\/\/willizblog.de\/index.php?rest_route=%2Fwp%2Fv2%2Fmedia&parent=10761"}],"wp:term":[{"taxonomy":"category","embeddable":true,"href":"https:\/\/willizblog.de\/index.php?rest_route=%2Fwp%2Fv2%2Fcategories&post=10761"},{"taxonomy":"post_tag","embeddable":true,"href":"https:\/\/willizblog.de\/index.php?rest_route=%2Fwp%2Fv2%2Ftags&post=10761"}],"curies":[{"name":"wp","href":"https:\/\/api.w.org\/{rel}","templated":true}]}}