{"id":10774,"date":"2019-12-25T11:47:10","date_gmt":"2019-12-25T11:47:10","guid":{"rendered":"https:\/\/willizblog.de\/?p=10774"},"modified":"2019-12-25T11:47:10","modified_gmt":"2019-12-25T11:47:10","slug":"weihnachtliche-mandelbluete-2019","status":"publish","type":"post","link":"https:\/\/willizblog.de\/?p=10774","title":{"rendered":"Weihnachtliche Mandelbl\u00fcte 2019"},"content":{"rendered":"<p><a href=\"https:\/\/de.wikipedia.org\/wiki\/Barbarazweig\" rel=\"noopener noreferrer\" target=\"_blank\">Barbarazweige<\/a> sind Zweige von Obstb\u00e4umen, die nach einem alten Brauch am 4. Dezember, dem liturgischen Gedenktag der hl. Barbara in der r\u00f6misch-katholischen und der griechisch-orthodoxen Kirche (Barbaratag), geschnitten und in einer Vase in der Wohnung aufgestellt werden. Je nach Gegend und Brauchtum werden Kirsch-, Apfel-, Birken-, Haselnuss-, Rosskastanien-, Pflaumen-, Holunder-, Rotdorn- oder Forsythienzweige verwendet. Sie sollen bis zum Heiligen Abend bl\u00fchen und zum Weihnachtsfest die Wohnung schm\u00fccken.<\/p>\n<p><img src=\"https:\/\/www.willizblog.de\/pics\/weihnachten2019_mandelbluete.jpg\" alt=\"Weihnachtliche Mandelbl\u00fcte 2019\" title=\"Weihnachtliche Mandelbl\u00fcte 2019\" \/><br \/>\nWeihnachtliche Mandelbl\u00fcte 2019<\/p>\n<p>Bei uns bl\u00fcht zu Weihnachten ein Mandelzweig, den wir uns allerdings &#8218;aus Nachbars Garten&#8216; genommen haben (und auch erst wenige Tage vor Weihnachten, denn drau\u00dfen stand ein Mandelb\u00e4umchen in voller Bl\u00fcte).<\/p>\n","protected":false},"excerpt":{"rendered":"<p>Barbarazweige sind Zweige von Obstb\u00e4umen, die nach einem alten Brauch am 4. Dezember, dem liturgischen Gedenktag der hl. Barbara in der r\u00f6misch-katholischen und der griechisch-orthodoxen Kirche (Barbaratag), geschnitten und in einer Vase in der Wohnung aufgestellt werden. Je nach Gegend und Brauchtum werden Kirsch-, Apfel-, Birken-, Haselnuss-, Rosskastanien-, Pflaumen-, Holunder-, Rotdorn- oder Forsythienzweige verwendet. Sie &hellip; <a href=\"https:\/\/willizblog.de\/?p=10774\" class=\"more-link\"><span class=\"screen-reader-text\">Weihnachtliche Mandelbl\u00fcte 2019<\/span> weiterlesen <span class=\"meta-nav\">&rarr;<\/span><\/a><\/p>\n","protected":false},"author":1,"featured_media":0,"comment_status":"open","ping_status":"open","sticky":false,"template":"","format":"standard","meta":[],"categories":[33],"tags":[],"_links":{"self":[{"href":"https:\/\/willizblog.de\/index.php?rest_route=\/wp\/v2\/posts\/10774"}],"collection":[{"href":"https:\/\/willizblog.de\/index.php?rest_route=\/wp\/v2\/posts"}],"about":[{"href":"https:\/\/willizblog.de\/index.php?rest_route=\/wp\/v2\/types\/post"}],"author":[{"embeddable":true,"href":"https:\/\/willizblog.de\/index.php?rest_route=\/wp\/v2\/users\/1"}],"replies":[{"embeddable":true,"href":"https:\/\/willizblog.de\/index.php?rest_route=%2Fwp%2Fv2%2Fcomments&post=10774"}],"version-history":[{"count":0,"href":"https:\/\/willizblog.de\/index.php?rest_route=\/wp\/v2\/posts\/10774\/revisions"}],"wp:attachment":[{"href":"https:\/\/willizblog.de\/index.php?rest_route=%2Fwp%2Fv2%2Fmedia&parent=10774"}],"wp:term":[{"taxonomy":"category","embeddable":true,"href":"https:\/\/willizblog.de\/index.php?rest_route=%2Fwp%2Fv2%2Fcategories&post=10774"},{"taxonomy":"post_tag","embeddable":true,"href":"https:\/\/willizblog.de\/index.php?rest_route=%2Fwp%2Fv2%2Ftags&post=10774"}],"curies":[{"name":"wp","href":"https:\/\/api.w.org\/{rel}","templated":true}]}}