{"id":1078,"date":"2008-01-23T00:03:28","date_gmt":"2008-01-22T22:03:28","guid":{"rendered":"http:\/\/www.albinz.de\/blog\/?p=1078"},"modified":"2008-01-23T00:03:28","modified_gmt":"2008-01-22T22:03:28","slug":"es-darf-gewahlt-werden","status":"publish","type":"post","link":"https:\/\/willizblog.de\/?p=1078","title":{"rendered":"Es darf gew\u00e4hlt werden"},"content":{"rendered":"<p>Am Sonntag ist es also soweit: Ich darf wieder Kreuzchen machen. Es ist Landtagswahl in Niedersachsen. Und auch die Hessen d\u00fcrfen w\u00e4hlen.<\/p>\n<p>Entgegen dem Hessen-Land herrscht bei uns in Niedersachsen Tristesse, da keiner damit rechnet, dass Christian Wulff (CDU) abgew\u00e4hlt wird. Daf\u00fcr ist der Herausforderer Wolfgang J\u00fcttner (SPD) doch etwas zu blass. Gegen den Sch\u00f6nredner Wulff hat er die Wirkung einer Schlaftablette. Allein seines Aussehens wegen wird er keinen Blumentopf gewinnen. Vielleicht sollte er doch einmal den Friseur wechseln, z.B. den von Gerhard Schr\u00f6der nehmen, der kann mehr als Haare f\u00e4rben. Aber wahrscheinlich ist der zu teuer. Da schneidet doch lieber Frau J\u00fcttner ihrem Mann die Haare. Apropos Haaref\u00e4rben: Blond w\u00fcrde dem J\u00fcttner ganz gut stehen, dann w\u00e4re er gewisserma\u00dfen der k\u00fchle Blonde aus dem Norden.<\/p>\n<table border=\"0\" cellspacing=\"0\" width=\"80%\">\n<tr>\n<td width=\"50%\">\n<p align=\"center\"><img loading=\"lazy\" border=\"0\" src=\"https:\/\/www.willizblog.de\/blogpicts\/niedersachsen_pferd.jpg\" alt=\"Niedersachsen-Flagge mit Wappentier Pferd\" width=\"140\" height=\"100\"><\/td>\n<td width=\"50%\">\n<p align=\"center\"><img loading=\"lazy\" border=\"0\" src=\"https:\/\/www.willizblog.de\/blogpicts\/niedersachsen_seepferdchen.jpg\" alt=\"Niedersachsen-Flagge mit neuem Wappentier Seepferdchen\" width=\"140\" height=\"100\"><\/td>\n<\/tr>\n<tr>\n<td width=\"100%\" colspan=\"2\">\n<p align=\"center\"><font face=\"Lucida Grande, Lucida Sans Unicode, Verdana, sans-serif\" size=\"2\">Niedersachsen-Flagge mit Wappentier Pferd &#8211; bald mit Seepferdchen ?<\/font><\/td>\n<\/tr>\n<\/table>\n<p>Ja der Wulff macht wohl das Rennen. Was der alles f\u00fcr sein Land getan hat. Die Schulreform allein war vom Feinsten. Jetzt haben wir wieder ein Schulsystem wie anno dazumal, da kenne ich mich wenigstens auch wieder aus. Soll zwar laut Expertenmeinung nicht das Wahre sein, dieses Schulsystem; in Finnland, die ja bei der Pisa-Studie f\u00fchrend sind, ist das alles anders. Aber wir leben ja nicht in Finnland. Warum so viele Schulstunden ausfallen, kann aber auch der Herr Wulff nicht beantworten. Dann nat\u00fcrlich die \u201aRettung\u2019 von VW. Da hat der Wulff doch so f\u00fcr gebetet. Und dann hat Porsche, nein Gott, ihn erh\u00f6rt (oder doch Porsche?).<\/p>\n<p>In Hessen dagegen kommt noch richtig Spannung auf. Da ist doch tats\u00e4chlich der Vorsprung der CDU fast dahin geschmolzen. Und wenn es allein um die Wahl des Ministerpr\u00e4sidenten ginge, da m\u00fcsste Roland Koch (CDU) sogar seinen Hut nehmen, denn in der W\u00e4hlergunst liegt Andrea Ypsilanti (SPD) weit vor ihm.<\/p>\n<p>Ist der Koch aber auch selbst schuld. Was reitet er da wochenlang auf einem Thema, der Jugendkriminalit\u00e4t, herum und vergisst doch glatt, dass er zuvor mehrere hundert Stellen bei der Polizei und Justiz abgebaut hat. Das geht doch nicht, Herr Koch. Aber dann wittert er wieder seine Chance: Wenn die SPD, dann nur mit den Linken. Das w\u00e4re ein unverantwortlicher Linksrutsch. Da soll der W\u00e4hler es doch lieber mit der Mitte, n\u00e4mlich mit ihm, halten. Ich wusste gar nicht, dass die Mitte so weit rechts liegt.<\/p>\n<p>Nun, schauen wir mal. Ich als pflichtbewusster B\u00fcrger werde nat\u00fcrlich zur Wahl gehen. Neben Steuernzahlen ist das meine liebste Pflicht diesem Staate gegen\u00fcber. <\/p>\n<p>Siehe zdf.de: <a href=\"http:\/\/www.heute.de\/ZDFheute\/inhalt\/3\/0,3672,7126179,00.html\" target=\"_blank\">Thema: Landtagswahl in Niedersachsen<\/a> &#8211; <a href=\"http:\/\/www.heute.de\/ZDFheute\/inhalt\/18\/0,3672,7124626,00.html\" target=\"_blank\">Thema: Landtagswahl in Hessen<\/a><\/p>\n","protected":false},"excerpt":{"rendered":"<p>Am Sonntag ist es also soweit: Ich darf wieder Kreuzchen machen. Es ist Landtagswahl in Niedersachsen. Und auch die Hessen d\u00fcrfen w\u00e4hlen. Entgegen dem Hessen-Land herrscht bei uns in Niedersachsen Tristesse, da keiner damit rechnet, dass Christian Wulff (CDU) abgew\u00e4hlt wird. Daf\u00fcr ist der Herausforderer Wolfgang J\u00fcttner (SPD) doch etwas zu blass. Gegen den Sch\u00f6nredner &hellip; <a href=\"https:\/\/willizblog.de\/?p=1078\" class=\"more-link\"><span class=\"screen-reader-text\">Es darf gew\u00e4hlt werden<\/span> weiterlesen <span class=\"meta-nav\">&rarr;<\/span><\/a><\/p>\n","protected":false},"author":1,"featured_media":0,"comment_status":"open","ping_status":"closed","sticky":false,"template":"","format":"standard","meta":[],"categories":[12],"tags":[],"_links":{"self":[{"href":"https:\/\/willizblog.de\/index.php?rest_route=\/wp\/v2\/posts\/1078"}],"collection":[{"href":"https:\/\/willizblog.de\/index.php?rest_route=\/wp\/v2\/posts"}],"about":[{"href":"https:\/\/willizblog.de\/index.php?rest_route=\/wp\/v2\/types\/post"}],"author":[{"embeddable":true,"href":"https:\/\/willizblog.de\/index.php?rest_route=\/wp\/v2\/users\/1"}],"replies":[{"embeddable":true,"href":"https:\/\/willizblog.de\/index.php?rest_route=%2Fwp%2Fv2%2Fcomments&post=1078"}],"version-history":[{"count":0,"href":"https:\/\/willizblog.de\/index.php?rest_route=\/wp\/v2\/posts\/1078\/revisions"}],"wp:attachment":[{"href":"https:\/\/willizblog.de\/index.php?rest_route=%2Fwp%2Fv2%2Fmedia&parent=1078"}],"wp:term":[{"taxonomy":"category","embeddable":true,"href":"https:\/\/willizblog.de\/index.php?rest_route=%2Fwp%2Fv2%2Fcategories&post=1078"},{"taxonomy":"post_tag","embeddable":true,"href":"https:\/\/willizblog.de\/index.php?rest_route=%2Fwp%2Fv2%2Ftags&post=1078"}],"curies":[{"name":"wp","href":"https:\/\/api.w.org\/{rel}","templated":true}]}}