{"id":10784,"date":"2020-01-17T11:57:55","date_gmt":"2020-01-17T11:57:55","guid":{"rendered":"https:\/\/willizblog.de\/?p=10784"},"modified":"2020-01-17T11:59:35","modified_gmt":"2020-01-17T11:59:35","slug":"der-tiefe-fall-des-sv-werder-panik-an-der-weser","status":"publish","type":"post","link":"https:\/\/willizblog.de\/?p=10784","title":{"rendered":"Der tiefe Fall des SV Werder: Panik an der Weser"},"content":{"rendered":"<p>In letzter Zeit bin ich einigen Leuten begegnet, die statt &#8222;Lebenslang &#8211; Gr\u00fcn-wei\u00df &#8220; jetzt &#8222;Ade &#8211; Gr\u00fcn-wei\u00df&#8220; sagten, zumindest vor\u00fcbergehend (Dauerkarte verliehen, keine Sportnachrichten gucken usw.). Es ist aber auch ein Grauen, die Nackenhaare str\u00e4uben sich: Was die Herren Fu\u00dfballer vom SV Werder Bremen in dieser Saison bisher geboten haben, ist furchterregend.<\/p>\n<p>\u00c4hnlich wie der VfB Stuttgart in der letzten Saison so waren die Bremer mit dem angeblich besten Kader der Neuzeit und den Tr\u00e4umen von Europa gestartet und werden nun vielleicht erst in Liga zwei wieder aufwachen?! Weiterhin glaube ich daran, dass es in der n\u00e4chsten Spielzeit wieder zum Nordderby zwischen Werder und dem Hamburger SV kommen wird. Aber statt in der Bundesliga nun in der 2. Liga (die Hamburger tun zz. alles, um nicht aufzusteigen)?<\/p>\n<p>Zur Winterpause findet sich Werder Bremen auf dem vorletzten Platz wieder. Die schlechteste Saison seit Werdergedenken. Kommt Werder doch noch auf einen gr\u00fcn-wei\u00dfen Zweig?<\/p>\n<p><img src=\"https:\/\/www.willizblog.de\/pics\/werder1920_st14_paderborn0_1.jpg\" alt=\"Fu\u00dfball-Bundesliga 2019\/20 - 14. Spieltag: SV Werder - Paderborn 0:1\" title=\"Fu\u00dfball-Bundesliga 2019\/20 - 14. Spieltag: SV Werder - Paderborn 0:1\" \/><br \/>\nFu\u00dfball-Bundesliga 2019\/20 &#8211; 14. Spieltag: SV Werder &#8211; Paderborn 0:1<\/p>\n<p>Mit Statistiken l\u00e4sst sich bekanntlich so ziemlich alles beweisen: Was die Bremer betrifft, so liegen diese in puncto Geschwindigkeit und Handlungsschnelligkeit im Bundesligaschnitt sehr weit hinten. Zum einen spielt das Alter einiger Spieler eine Rolle (Niklas Moisander, 34 &#8211; Philipp Bargfrede, 30  und nat\u00fcrlich Claudio Pizarro, 41), zum anderen ist es mit der <a href=\"https:\/\/de.wikipedia.org\/wiki\/Antizipation_(Sport)\" rel=\"noopener noreferrer\" target=\"_blank\">Antizipation<\/a>, der mentale Vorwegnahme eines k\u00fcnftigen Bewegungsablaufes, besonders dann nicht zum Guten bestellt, wenn der Kopf nicht frei genug ist. Wenn&#8217;s nicht l\u00e4uft, dann l\u00e4uft es halt nicht &#8211; oder wie Andreas Brehme einmal sagte:  \u201eHaste Schei\u00dfe am Fu\u00df, haste Schei\u00dfe am Fu\u00df.\u201c<\/p>\n<p><img src=\"https:\/\/www.willizblog.de\/pics\/werder1920_st16_mainz0_6.jpg\" alt=\"Fu\u00dfball-Bundesliga 2019\/20 - 16. Spieltag: SV Werder - Mainz 0:5 (R\u00fcckpraller - Torwarteigentor!)\" title=\"Fu\u00dfball-Bundesliga 2019\/20 - 16. Spieltag: SV Werder - Mainz 0:5 (R\u00fcckpraller - Torwarteigentor!)\" \/><br \/>\nFu\u00dfball-Bundesliga 2019\/20 &#8211; 16. Spieltag: SV Werder &#8211; Mainz 0:5 (R\u00fcckpraller &#8211; Torwarteigentor!)<\/p>\n<p>Morgen nun geht es in die R\u00fcckrunde und mit der Fortuna aus D\u00fcsseldorf (in D\u00fcsseldorf) wartet schon wieder ein Gegner, den es ebenfalls in die Niederungen der Bundesliga gezogen hat. Wer nicht gegen seine direkten Tabellennachbarn im Ligakeller zu punkten versteht, dem ist nicht zu helfen.<\/p>\n<p>Kohfeldt soll auch in der 2. Liga Trainer der Werderaner bleiben. Aber sollte Werder wirklich absteigen, dann f\u00fcrchte ich, wird kaum jemand Kohfeldt, aller bisheriger Ehrungen zum Trotz, weiter als Trainer haben wollen. Er h\u00e4tte es dann nicht geschafft, die Mannschaft auf den rechten Weg zu f\u00fchren.<\/p>\n","protected":false},"excerpt":{"rendered":"<p>In letzter Zeit bin ich einigen Leuten begegnet, die statt &#8222;Lebenslang &#8211; Gr\u00fcn-wei\u00df &#8220; jetzt &#8222;Ade &#8211; Gr\u00fcn-wei\u00df&#8220; sagten, zumindest vor\u00fcbergehend (Dauerkarte verliehen, keine Sportnachrichten gucken usw.). Es ist aber auch ein Grauen, die Nackenhaare str\u00e4uben sich: Was die Herren Fu\u00dfballer vom SV Werder Bremen in dieser Saison bisher geboten haben, ist furchterregend. \u00c4hnlich wie &hellip; <a href=\"https:\/\/willizblog.de\/?p=10784\" class=\"more-link\"><span class=\"screen-reader-text\">Der tiefe Fall des SV Werder: Panik an der Weser<\/span> weiterlesen <span class=\"meta-nav\">&rarr;<\/span><\/a><\/p>\n","protected":false},"author":1,"featured_media":0,"comment_status":"open","ping_status":"open","sticky":false,"template":"","format":"standard","meta":[],"categories":[27],"tags":[],"_links":{"self":[{"href":"https:\/\/willizblog.de\/index.php?rest_route=\/wp\/v2\/posts\/10784"}],"collection":[{"href":"https:\/\/willizblog.de\/index.php?rest_route=\/wp\/v2\/posts"}],"about":[{"href":"https:\/\/willizblog.de\/index.php?rest_route=\/wp\/v2\/types\/post"}],"author":[{"embeddable":true,"href":"https:\/\/willizblog.de\/index.php?rest_route=\/wp\/v2\/users\/1"}],"replies":[{"embeddable":true,"href":"https:\/\/willizblog.de\/index.php?rest_route=%2Fwp%2Fv2%2Fcomments&post=10784"}],"version-history":[{"count":0,"href":"https:\/\/willizblog.de\/index.php?rest_route=\/wp\/v2\/posts\/10784\/revisions"}],"wp:attachment":[{"href":"https:\/\/willizblog.de\/index.php?rest_route=%2Fwp%2Fv2%2Fmedia&parent=10784"}],"wp:term":[{"taxonomy":"category","embeddable":true,"href":"https:\/\/willizblog.de\/index.php?rest_route=%2Fwp%2Fv2%2Fcategories&post=10784"},{"taxonomy":"post_tag","embeddable":true,"href":"https:\/\/willizblog.de\/index.php?rest_route=%2Fwp%2Fv2%2Ftags&post=10784"}],"curies":[{"name":"wp","href":"https:\/\/api.w.org\/{rel}","templated":true}]}}