{"id":1081,"date":"2008-02-03T00:03:14","date_gmt":"2008-02-02T22:03:14","guid":{"rendered":"http:\/\/www.albinz.de\/blog\/?p=1081"},"modified":"2008-01-25T08:04:40","modified_gmt":"2008-01-25T06:04:40","slug":"klaus-wird-heute-75","status":"publish","type":"post","link":"https:\/\/willizblog.de\/?p=1081","title":{"rendered":"Klaus wird heute 75"},"content":{"rendered":"<p>Lieber Klaus,<\/p>\n<p>wir w\u00fcnschen Dir zu Deinem 75. Geburtstag alles Gute und weiterhin viel Gesundheit.<br \/>\n<em>Deine Tochter Christa, die Enkel Lukas &#038; Jan sowie Dein Schwiegersohn Wilfried<\/em><\/p>\n<p>Du wurdest 1933 in <a href=\"https:\/\/de.wikipedia.org\/wiki\/Olecko\" target=\"_blank\">Treuburg in Ostpreu\u00dfen<\/a>, dem heutigen Olecko (Oletzko) geboren. Es war eine schwierige Zeit, trotzdem hattest Du mit Deinem j\u00fcngeren Bruder G\u00fcnter eine sch\u00f6ne Kindheit in dem kleinen Ort in Masuren. Die Kriegswirren brachten Dich dann wohl nach Th\u00fcringen, wie das Schulfoto aus dem Jahre 1948 (also vor 60 Jahren, Du warst gerade 15 Jahre alt) zeigt (letzte Reihe, der dritte von rechts bis Du), sp\u00e4ter dann auch nach Tostedt, wo Du Dich mit Deiner Familie niederlie\u00df.<\/p>\n<p><img src=\"https:\/\/www.willizblog.de\/blogpicts\/klaus_schule_thueringen_1948.jpg\" alt=\"Klaus in einer Schule Th\u00fcringen 1948\" \/><br \/>\nTh\u00fcringen 1948<\/p>\n<p>Ja, Klaus, da machst Du dicke Backen! 75 Jahre alt, bekanntlich wird so alt kein Schwein:<\/p>\n<p><img src=\"https:\/\/www.willizblog.de\/blogpicts\/klaus_dicke_backen.jpg\" alt=\"Klaus macht dicke Backen!\" \/><\/p>\n<p>siehe auch meine Beitr\u00e4ge:<br \/>\n<a href=\"https:\/\/www.willizblog.de\/?p=223\" target=\"_blank\">Hallo Horst, willkommen im Club &#8230;!<\/a><br \/>\n<a href=\"https:\/\/www.willizblog.de\/?p=621\" target=\"_blank\">Die Kinder von der Schnurgass&#8216;<\/a><br \/>\n<a href=\"https:\/\/www.willizblog.de\/?p=859\" target=\"_blank\">Herm\u00e4nnchen wird heute 90<\/a><\/p>\n","protected":false},"excerpt":{"rendered":"<p>Lieber Klaus, wir w\u00fcnschen Dir zu Deinem 75. Geburtstag alles Gute und weiterhin viel Gesundheit. Deine Tochter Christa, die Enkel Lukas &#038; Jan sowie Dein Schwiegersohn Wilfried Du wurdest 1933 in Treuburg in Ostpreu\u00dfen, dem heutigen Olecko (Oletzko) geboren. Es war eine schwierige Zeit, trotzdem hattest Du mit Deinem j\u00fcngeren Bruder G\u00fcnter eine sch\u00f6ne Kindheit &hellip; <a href=\"https:\/\/willizblog.de\/?p=1081\" class=\"more-link\"><span class=\"screen-reader-text\">Klaus wird heute 75<\/span> weiterlesen <span class=\"meta-nav\">&rarr;<\/span><\/a><\/p>\n","protected":false},"author":1,"featured_media":0,"comment_status":"open","ping_status":"closed","sticky":false,"template":"","format":"standard","meta":[],"categories":[18,11],"tags":[],"_links":{"self":[{"href":"https:\/\/willizblog.de\/index.php?rest_route=\/wp\/v2\/posts\/1081"}],"collection":[{"href":"https:\/\/willizblog.de\/index.php?rest_route=\/wp\/v2\/posts"}],"about":[{"href":"https:\/\/willizblog.de\/index.php?rest_route=\/wp\/v2\/types\/post"}],"author":[{"embeddable":true,"href":"https:\/\/willizblog.de\/index.php?rest_route=\/wp\/v2\/users\/1"}],"replies":[{"embeddable":true,"href":"https:\/\/willizblog.de\/index.php?rest_route=%2Fwp%2Fv2%2Fcomments&post=1081"}],"version-history":[{"count":0,"href":"https:\/\/willizblog.de\/index.php?rest_route=\/wp\/v2\/posts\/1081\/revisions"}],"wp:attachment":[{"href":"https:\/\/willizblog.de\/index.php?rest_route=%2Fwp%2Fv2%2Fmedia&parent=1081"}],"wp:term":[{"taxonomy":"category","embeddable":true,"href":"https:\/\/willizblog.de\/index.php?rest_route=%2Fwp%2Fv2%2Fcategories&post=1081"},{"taxonomy":"post_tag","embeddable":true,"href":"https:\/\/willizblog.de\/index.php?rest_route=%2Fwp%2Fv2%2Ftags&post=1081"}],"curies":[{"name":"wp","href":"https:\/\/api.w.org\/{rel}","templated":true}]}}