{"id":10812,"date":"2020-03-06T00:37:44","date_gmt":"2020-03-06T00:37:44","guid":{"rendered":"https:\/\/willizblog.de\/?p=10812"},"modified":"2020-03-05T13:41:26","modified_gmt":"2020-03-05T13:41:26","slug":"dienstags-und-freitags-wochenmarkt-in-tostedt","status":"publish","type":"post","link":"https:\/\/willizblog.de\/?p=10812","title":{"rendered":"Dienstags und freitags: Wochenmarkt in Tostedt"},"content":{"rendered":"<p>Wenn wir schon auf dem Lande wohnen, da bietet es sich an, Lebensmittel aus der unmittelbaren Umgebung  zu kaufen. In und um Tostedt gibt es Erzeuger, die eigentlich alles anbieten, was den Gaumen erfreut. Schon zu alten Zeiten, als ich noch <a href=\"https:\/\/willizblog.de\/?p=6385\" rel=\"noopener noreferrer\" target=\"_blank\">in Bremen oder Hamburg<\/a> lebte, war ich gern auf dem n\u00e4chsten Wochenmarkt gegangen.<\/p>\n<p>Die Gemeinde Tostedt betreibt auf dem Platz &#8222;Am Sande&#8220; jeden Dienstag von 08.00 Uhr bis 13.00 Uhr und jeden Freitag von 10.00 Uhr bis 18.00 Uhr <a href=\"https:\/\/www.tostedt.de\/portal\/seiten\/wochenmarkt-912000280-20240.html\" rel=\"noopener noreferrer\" target=\"_blank\">einen Wochenmarkt<\/a>. Meist am Freitag besorge ich dort alles, was wir f\u00fcrs Wochenende und die kommende Woche an Obst und Gem\u00fcse brauchen. Die Ware ist frisch und preiswert.<\/p>\n<p><img src=\"https:\/\/www.willizblog.de\/pics\/tostedt2020_wochenmarkt01.jpg\" alt=\"Wochenmarkt in Tostedt: 'Keine Durchfahrt!'\" title=\"Wochenmarkt in Tostedt: 'Keine Durchfahrt!'\" \/><br \/>\nWochenmarkt in Tostedt: &#8218;Keine Durchfahrt!&#8216;<\/p>\n<p>Der Markt ist zwar sehr \u00fcbersichtlich, das Angebot reicht aber von Backwaren, Blumen und Pflanzen, Obst und Gem\u00fcse, Fleisch- und Wurstwaren, Fisch- und K\u00e4sespezialit\u00e4ten, bis hin zu Milchprodukten und Mittelmeerspezialit\u00e4ten.<\/p>\n<p><img src=\"https:\/\/www.willizblog.de\/pics\/tostedt2020_wochenmarkt02.jpg\" alt=\"Wochenmarkt in Tostedt: ... auch Blumen und Brot!\" title=\"Wochenmarkt in Tostedt: ... auch Blumen und Brot!\" \/><br \/>\nWochenmarkt in Tostedt: &#8230; auch Blumen und Brot!<\/p>\n<p>Bis auf \u00c4pfel kaufe ich alles bei unserem Obst- und Gem\u00fcseh\u00e4ndler, der in der N\u00e4he &#8211; in Hanstedt &#8211; ans\u00e4ssig ist. \u00c4pfel und selbst gepressten Apfelsaft (auch mit Aronia, schwarzer Johannisbeere, Him- und Brombeere u.a. gemischt), der wirklich sehr lecker schmeckt, kaufe ich an einem Stand gleich nebenan.<\/p>\n<p><img src=\"https:\/\/www.willizblog.de\/pics\/tostedt2020_wochenmarkt03.jpg\" alt=\"Wochenmarkt in Tostedt: Apfel- bzw. Obst- und Gem\u00fcseh\u00e4ndler 'unseres Vertrauens'\" title=\"Wochenmarkt in Tostedt: Apfel- bzw. Obst- und Gem\u00fcseh\u00e4ndler 'unseres Vertrauens'\" \/><br \/>\nWochenmarkt in Tostedt: Apfel- bzw. Obst- und Gem\u00fcseh\u00e4ndler &#8218;unseres Vertrauens&#8216;<\/p>\n","protected":false},"excerpt":{"rendered":"<p>Wenn wir schon auf dem Lande wohnen, da bietet es sich an, Lebensmittel aus der unmittelbaren Umgebung zu kaufen. In und um Tostedt gibt es Erzeuger, die eigentlich alles anbieten, was den Gaumen erfreut. Schon zu alten Zeiten, als ich noch in Bremen oder Hamburg lebte, war ich gern auf dem n\u00e4chsten Wochenmarkt gegangen. Die &hellip; <a href=\"https:\/\/willizblog.de\/?p=10812\" class=\"more-link\"><span class=\"screen-reader-text\">Dienstags und freitags: Wochenmarkt in Tostedt<\/span> weiterlesen <span class=\"meta-nav\">&rarr;<\/span><\/a><\/p>\n","protected":false},"author":1,"featured_media":0,"comment_status":"open","ping_status":"open","sticky":false,"template":"","format":"standard","meta":[],"categories":[11],"tags":[],"_links":{"self":[{"href":"https:\/\/willizblog.de\/index.php?rest_route=\/wp\/v2\/posts\/10812"}],"collection":[{"href":"https:\/\/willizblog.de\/index.php?rest_route=\/wp\/v2\/posts"}],"about":[{"href":"https:\/\/willizblog.de\/index.php?rest_route=\/wp\/v2\/types\/post"}],"author":[{"embeddable":true,"href":"https:\/\/willizblog.de\/index.php?rest_route=\/wp\/v2\/users\/1"}],"replies":[{"embeddable":true,"href":"https:\/\/willizblog.de\/index.php?rest_route=%2Fwp%2Fv2%2Fcomments&post=10812"}],"version-history":[{"count":0,"href":"https:\/\/willizblog.de\/index.php?rest_route=\/wp\/v2\/posts\/10812\/revisions"}],"wp:attachment":[{"href":"https:\/\/willizblog.de\/index.php?rest_route=%2Fwp%2Fv2%2Fmedia&parent=10812"}],"wp:term":[{"taxonomy":"category","embeddable":true,"href":"https:\/\/willizblog.de\/index.php?rest_route=%2Fwp%2Fv2%2Fcategories&post=10812"},{"taxonomy":"post_tag","embeddable":true,"href":"https:\/\/willizblog.de\/index.php?rest_route=%2Fwp%2Fv2%2Ftags&post=10812"}],"curies":[{"name":"wp","href":"https:\/\/api.w.org\/{rel}","templated":true}]}}