{"id":10814,"date":"2020-03-07T00:12:07","date_gmt":"2020-03-07T00:12:07","guid":{"rendered":"https:\/\/willizblog.de\/?p=10814"},"modified":"2020-03-06T11:19:49","modified_gmt":"2020-03-06T11:19:49","slug":"film-der-woche-unterleuten-das-zerrissene-dorf","status":"publish","type":"post","link":"https:\/\/willizblog.de\/?p=10814","title":{"rendered":"Film der Woche: Unterleuten &#8211; Das zerrissene Dorf"},"content":{"rendered":"<p>Es sind \u00fcber 15 Jahre her, da hatte ich den Roman  <a target=\"_blank\" href=\"https:\/\/www.amazon.de\/gp\/product\/3442733693\/ref=as_li_tl?ie=UTF8&#038;camp=1638&#038;creative=6742&#038;creativeASIN=3442733693&#038;linkCode=as2&#038;tag=familiealbin-21&#038;linkId=367689dc002a4ce5ffea9639c7f27a6d\" rel=\"noopener noreferrer\"><strong>Spieltrieb<\/strong><\/a><img loading=\"lazy\" src=\"\/\/ir-de.amazon-adsystem.com\/e\/ir?t=familiealbin-21&#038;l=am2&#038;o=3&#038;a=3442733693\" width=\"1\" height=\"1\" border=\"0\" alt=\"\" style=\"border:none !important; margin:0px !important;\" \/> von <a href=\"https:\/\/de.wikipedia.org\/wiki\/Juli_Zeh\" rel=\"noopener noreferrer\" target=\"_blank\">Juli Zeh<\/a> gelesen, ein Roman \u00fcber die Unmoral und ihre Folgen, ein moralischer Roman, der die Fortgeltung von \u00fcberkommenen Wertprizipien in Frage stellt und sich damit einer der gro\u00dfen Fragen unserer Zeit annimmt: Wer wei\u00df noch, was gut und was b\u00f6se ist.<\/p>\n<p>In diesen Tagen sendet das <a href=\"https:\/\/de.wikipedia.org\/wiki\/ZDF\" rel=\"noopener noreferrer\" target=\"_blank\">ZDF<\/a> den Dreiteiler <a href=\"https:\/\/www.zdf.de\/serien\/unterleuten\" rel=\"noopener noreferrer\" target=\"_blank\"><strong>Unterleuten &#8211; Das zerrissene Dorf<\/strong><\/a> nach <em>Juli Zehs<\/em> Roman <a target=\"_blank\" href=\"https:\/\/www.amazon.de\/gp\/product\/3442715733\/ref=as_li_tl?ie=UTF8&#038;camp=1638&#038;creative=6742&#038;creativeASIN=3442715733&#038;linkCode=as2&#038;tag=familiealbin-21&#038;linkId=62bbd654ad985728f7411944670eba9a\" rel=\"noopener noreferrer\"><strong>Unterleuten<\/strong><\/a><img loading=\"lazy\" src=\"\/\/ir-de.amazon-adsystem.com\/e\/ir?t=familiealbin-21&#038;l=am2&#038;o=3&#038;a=3442715733\" width=\"1\" height=\"1\" border=\"0\" alt=\"\" style=\"border:none !important; margin:0px !important;\" \/>. In der Mediathek des ZDFs ist dieser Dreiteiler bereits vorab zu sehen:<\/p>\n<p><em>Unterleuten ist ein fiktives Dorf in der brandenburgischen Provinz. Hier leben sie zusammen: Wende-Gewinner und Wende-Verlierer, Ostalgiker, Kapitalisten, zugereiste St\u00e4dter und Alteingesessene. Als ein Windpark in unmittelbarer N\u00e4he zum Dorf entstehen soll, spaltet das die Bewohner. Freunde werden zu Feinden und umgekehrt.<\/em><\/p>\n<p><img src=\"https:\/\/i0.wp.com\/image.tittelbach.tv\/article\/5509-5e51c04718226-thu-20200223010906.jpg\" alt=\"Unterleuten - Das zerrissene Dorf (Foto: ZDF\/tittelbach.tv)\" title=\"Unterleuten - Das zerrissene Dorf (Foto: ZDF\/tittelbach.tv)\" \/><br \/>\nUnterleuten &#8211; Das zerrissene Dorf (Foto: ZDF\/tittelbach.tv)<\/p>\n<p><em>Juli Zeh gelang 2016 mit dem Bestseller ein treffendes Zeit- und Gesellschafts-Portr\u00e4t, das die gro\u00dfen Fragen von Grundbesitz, Strukturwandel und Energiewende mit einer spannenden &#038; ber\u00fchrenden Geschichte im d\u00f6rflichen und famili\u00e4ren Umfeld verbindet.<\/em> (Quelle: <a href=\"http:\/\/www.tittelbach.tv\/programm\/mehrteiler\/artikel-5509.html\" rel=\"noopener noreferrer\" target=\"_blank\">tittelbach.tv<\/a>)<\/p>\n<p>Obwohl der nationalistische, populistische und rechtsextreme Spuk au\u00dfen vorbleibt (das w\u00e4re dem Guten zuviel), tauchen wir als Zuschauer (bzw. als Leser) in eine Welt ein, die an vielen Stellen in Deutschland zu finden ist. Es werden die Br\u00fcche und Risse im gesellschaftlichen Zusammenleben aufgezeigt.<\/p>\n<p>Ich habe den Dreiteiler mit Genuss gesehen. Die Figuren sind vortrefflich gezeichnet und wirklich ideal besetzt. Nach dem zweiten Teil fragte ich mich, wie das Ganze nur enden wird, denn die Situation im brandenburgischem Dorf h\u00e4tte nicht verwickelter sein k\u00f6nnen. Und dann kam es b\u00f6ser als ich es mir habe vorstellen k\u00f6nnen &#8230; &#8211; Ich kann diesen Mehrteiler nur w\u00e4rmstens empfehlen, denn es gibt viel zu entdecken im brandenburgischen Nirgendwo.<\/p>\n<p>Williz Filmtipp: <a href=\"https:\/\/www.zdf.de\/serien\/unterleuten\" rel=\"noopener noreferrer\" target=\"_blank\"><strong>Unterleuten &#8211; Das zerrissene Dorf<\/strong><\/a><\/p>\n","protected":false},"excerpt":{"rendered":"<p>Es sind \u00fcber 15 Jahre her, da hatte ich den Roman Spieltrieb von Juli Zeh gelesen, ein Roman \u00fcber die Unmoral und ihre Folgen, ein moralischer Roman, der die Fortgeltung von \u00fcberkommenen Wertprizipien in Frage stellt und sich damit einer der gro\u00dfen Fragen unserer Zeit annimmt: Wer wei\u00df noch, was gut und was b\u00f6se ist. &hellip; <a href=\"https:\/\/willizblog.de\/?p=10814\" class=\"more-link\"><span class=\"screen-reader-text\">Film der Woche: Unterleuten &#8211; Das zerrissene Dorf<\/span> weiterlesen <span class=\"meta-nav\">&rarr;<\/span><\/a><\/p>\n","protected":false},"author":1,"featured_media":0,"comment_status":"open","ping_status":"open","sticky":false,"template":"","format":"standard","meta":[],"categories":[13],"tags":[429,466,468,465,467],"_links":{"self":[{"href":"https:\/\/willizblog.de\/index.php?rest_route=\/wp\/v2\/posts\/10814"}],"collection":[{"href":"https:\/\/willizblog.de\/index.php?rest_route=\/wp\/v2\/posts"}],"about":[{"href":"https:\/\/willizblog.de\/index.php?rest_route=\/wp\/v2\/types\/post"}],"author":[{"embeddable":true,"href":"https:\/\/willizblog.de\/index.php?rest_route=\/wp\/v2\/users\/1"}],"replies":[{"embeddable":true,"href":"https:\/\/willizblog.de\/index.php?rest_route=%2Fwp%2Fv2%2Fcomments&post=10814"}],"version-history":[{"count":0,"href":"https:\/\/willizblog.de\/index.php?rest_route=\/wp\/v2\/posts\/10814\/revisions"}],"wp:attachment":[{"href":"https:\/\/willizblog.de\/index.php?rest_route=%2Fwp%2Fv2%2Fmedia&parent=10814"}],"wp:term":[{"taxonomy":"category","embeddable":true,"href":"https:\/\/willizblog.de\/index.php?rest_route=%2Fwp%2Fv2%2Fcategories&post=10814"},{"taxonomy":"post_tag","embeddable":true,"href":"https:\/\/willizblog.de\/index.php?rest_route=%2Fwp%2Fv2%2Ftags&post=10814"}],"curies":[{"name":"wp","href":"https:\/\/api.w.org\/{rel}","templated":true}]}}