{"id":1082,"date":"2008-01-25T00:07:01","date_gmt":"2008-01-24T22:07:01","guid":{"rendered":"http:\/\/www.albinz.de\/blog\/?p=1082"},"modified":"2008-01-25T13:26:37","modified_gmt":"2008-01-25T11:26:37","slug":"name-als-schlechtes-vorzeichen","status":"publish","type":"post","link":"https:\/\/willizblog.de\/?p=1082","title":{"rendered":"Name als schlechtes Vorzeichen?"},"content":{"rendered":"<p>In den <a href=\"http:\/\/fussball.zdf.de\/ZDFde\/sportnachricht\/messages\/0,3334,,00.html\" target=\"_blank\">ZDF-Sportnachrichten<\/a> unter dem Datum vom 23.01.2008 las ich folgende Meldung:<\/p>\n<p><strong><em>Bekim Kastrati nach Hodenriss in Klinik<\/em><\/strong><\/p>\n<p><em>Der albanische Nationalspieler Bekim Kastrati vom Regionalligisten Fortuna D\u00fcsseldorf musste sich in der Nacht zum Mittwoch wegen eines Hodenrisses einer Notoperation unterziehen. Der 28-J\u00e4hrige hatte sich diese Verletzung bei der 2:3-Niederlage seiner Mannschaft im Testspiel gegen Rekordmeister Bayern M\u00fcnchen am Dienstagabend bei einem Zusammenprall zugezogen, spielte trotz der Schmerzen aber bis zum Schlusspfiff weiter. Erst in der Kabine wurde die Schwere der Verletzung festgestellt und der St\u00fcrmer gleich ins Krankenhaus gebracht.<\/em><\/p>\n<p>Wer den Schaden hat, spottet jeder Beschreibung. Hier zeigt es sich wieder, dass Namen nicht immer Schall und Rauch sind. <a href=\"https:\/\/de.wikipedia.org\/wiki\/Nomen_est_omen\" target=\"_blank\">Nomen est Omen<\/a> eben. Ich hoffe nur, dass es dem Spieler Bekim Kastrati wieder gut geht und er sich nicht kast&#8230;. hat. Ja, wie verh\u00e4ngnisvoll gef\u00e4hrlich Fu\u00dfballspielen sein kann (besonders gegen die Bayern).<\/p>\n<p>siehe auch meinen Beitrag: <a href=\"https:\/\/www.willizblog.de\/?p=425\" target=\"_blank\">Nomen est Omen oder Name ist Schall und Rauch<\/a><\/p>\n","protected":false},"excerpt":{"rendered":"<p>In den ZDF-Sportnachrichten unter dem Datum vom 23.01.2008 las ich folgende Meldung: Bekim Kastrati nach Hodenriss in Klinik Der albanische Nationalspieler Bekim Kastrati vom Regionalligisten Fortuna D\u00fcsseldorf musste sich in der Nacht zum Mittwoch wegen eines Hodenrisses einer Notoperation unterziehen. Der 28-J\u00e4hrige hatte sich diese Verletzung bei der 2:3-Niederlage seiner Mannschaft im Testspiel gegen Rekordmeister &hellip; <a href=\"https:\/\/willizblog.de\/?p=1082\" class=\"more-link\"><span class=\"screen-reader-text\">Name als schlechtes Vorzeichen?<\/span> weiterlesen <span class=\"meta-nav\">&rarr;<\/span><\/a><\/p>\n","protected":false},"author":1,"featured_media":0,"comment_status":"open","ping_status":"closed","sticky":false,"template":"","format":"standard","meta":[],"categories":[4],"tags":[],"_links":{"self":[{"href":"https:\/\/willizblog.de\/index.php?rest_route=\/wp\/v2\/posts\/1082"}],"collection":[{"href":"https:\/\/willizblog.de\/index.php?rest_route=\/wp\/v2\/posts"}],"about":[{"href":"https:\/\/willizblog.de\/index.php?rest_route=\/wp\/v2\/types\/post"}],"author":[{"embeddable":true,"href":"https:\/\/willizblog.de\/index.php?rest_route=\/wp\/v2\/users\/1"}],"replies":[{"embeddable":true,"href":"https:\/\/willizblog.de\/index.php?rest_route=%2Fwp%2Fv2%2Fcomments&post=1082"}],"version-history":[{"count":0,"href":"https:\/\/willizblog.de\/index.php?rest_route=\/wp\/v2\/posts\/1082\/revisions"}],"wp:attachment":[{"href":"https:\/\/willizblog.de\/index.php?rest_route=%2Fwp%2Fv2%2Fmedia&parent=1082"}],"wp:term":[{"taxonomy":"category","embeddable":true,"href":"https:\/\/willizblog.de\/index.php?rest_route=%2Fwp%2Fv2%2Fcategories&post=1082"},{"taxonomy":"post_tag","embeddable":true,"href":"https:\/\/willizblog.de\/index.php?rest_route=%2Fwp%2Fv2%2Ftags&post=1082"}],"curies":[{"name":"wp","href":"https:\/\/api.w.org\/{rel}","templated":true}]}}