{"id":10820,"date":"2020-03-12T13:40:38","date_gmt":"2020-03-12T13:40:38","guid":{"rendered":"https:\/\/willizblog.de\/?p=10820"},"modified":"2020-03-12T13:41:06","modified_gmt":"2020-03-12T13:41:06","slug":"der-coronavirus-und-der-stillstand-des-oeffentlichen-lebens","status":"publish","type":"post","link":"https:\/\/willizblog.de\/?p=10820","title":{"rendered":"Das Coronavirus und der Stillstand des \u00d6ffentlichen Lebens"},"content":{"rendered":"<p><em>Etwa zwei Drittel der Bev\u00f6lkerung k\u00f6nnte mit dem <a href=\"https:\/\/de.wikipedia.org\/wiki\/SARS-CoV-2\" rel=\"noopener noreferrer\" target=\"_blank\">neuen Coronavirus<\/a> infiziert werden, glaubt der Leiter der Virologie an der Berliner Charit\u00e9, Christian Drosten. Er geht von einer etwa zwei Jahre andauernden Verbreitungswelle aus.<\/em><\/p>\n<p><em>In Deutschland sind nach Ansicht des Berliner Virologen Christian Drosten hohe Infektionszahlen mit dem neuen Coronavirus zu erwarten. &#8222;Es werden sich wahrscheinlich 60 bis 70 Prozent infizieren, aber wir wissen nicht, in welcher Zeit&#8220;, sagte der Leiter der Virologie an der Charit\u00e9 am Freitag, &#8222;das kann durchaus zwei Jahre dauern oder sogar noch l\u00e4nger.&#8220; Problematisch werde das Infektionsgeschehen nur, wenn es in komprimierter, kurzer Zeit auftrete. &#8222;Darum sind die Beh\u00f6rden dabei, alles zu tun, um beginnende Ausbr\u00fcche zu erkennen und zu verlangsamen.&#8220;<\/em><br \/>\n[&#8230;] <em>Die Zeitkomponente sei sehr wichtig: &#8222;Im Moment haben wir eine sehr, sehr gute Chance, die einstweilige Verbreitung dieses Virus deutlich aufzuhalten.&#8220; In den w\u00e4rmeren Monaten werden laut Drosten noch helfende Effekte dazukommen: &#8222;Die W\u00e4rme im Sommer, UV-Strahlen und die Tatsache, dass Leute vermehrt drau\u00dfen sind und sich weniger aneinander infizieren k\u00f6nnen.&#8220;<br \/>\nIn der zweiten Jahresh\u00e4lfte m\u00fcsse man sich dann aber in Europa darauf einstellen, dass es wieder k\u00e4lter werde und dieser Zusatzeffekt wegfalle, sagte Drosten.<\/em><br \/>\n(Quelle: <a href=\"https:\/\/www.rbb24.de\/panorama\/thema\/2020\/coronavirus\/beitraege\/coronavirus-verbreitung-who-charite-virologe-christian-drosten.html\" rel=\"noopener noreferrer\" target=\"_blank\">rbb24.de<\/a>)<\/p>\n<p>Was  einen Impfstoff betrifft, so rechnet Drosten damit erst f\u00fcr Mitte 2021.<\/p>\n<p>Inzwischen hat der Virologe seine \u00c4u\u00dferung zu den &#8218;helfenden Effekten&#8216; relativiert: <em>Das Fr\u00fchjahr und der Sommer mit w\u00e4rmeren Temperaturen d\u00fcrften die Ausbreitung des Coronavirus aus Expertensicht nicht sehr stark verlangsamen. Es sei wohl damit zu rechnen, &#8222;dass wir direkt in eine Epidemiewelle hineinlaufen&#8220;, sagte der Direktor des Instituts f\u00fcr Virologie an der Charite, Christian Drosten, in Berlin.<\/em><\/p>\n<p><em>Drosten verwies auf neue, verfeinerte Modellrechnungen einer Studie aus den USA. Noch vor einer Woche war er von einer Verminderung der Infektionen im Sommer ausgegangen.<\/em> (Quelle: <a href=\"https:\/\/www.zdf.de\/nachrichten\/heute\/experte-zu-coronavirus-fruehjahr-duerfte-virus-kaum-bremsen-100.html\" rel=\"noopener noreferrer\" target=\"_blank\">zdf.de<\/a>)<\/p>\n<p><img src=\"https:\/\/www.willizblog.de\/pics\/coronavirus.jpg\" alt=\"Coronavirus SARS-CoV-2\" title=\"Coronavirus SARS-CoV-2\" \/><br \/>\nCoronavirus SARS-CoV-2<\/p>\n<p>Nat\u00fcrlich klingt das besorgniserregend. Der \u00e4ltere meiner beiden S\u00f6hne, angehender Mediziner, schrieb mir dazu: <em>Mal abgesehen von der Gefahr f\u00fcr die Menschen 80+, gibt es wohl viele schwere Verl\u00e4ufe mit Lungenversagen (ist aber <a href=\"https:\/\/www.duden.de\/rechtschreibung\/reversibel\" rel=\"noopener noreferrer\" target=\"_blank\">reversibel<\/a>), das in Deutschland aber gut behandelbar ist durch unsere Infrastruktur mit Beatmungszentren. Damit d\u00fcrfte die <a href=\"https:\/\/de.wikipedia.org\/wiki\/Letalit%C3%A4t\" rel=\"noopener noreferrer\" target=\"_blank\">Letalit\u00e4t<\/a> hier eher geringer sein als in China und Italien.<\/em><\/p>\n<p>Damit sich das Virus nicht zu schnell ausbreitet, wurden gravierende Einschnitte in unser aller \u00f6ffentliches Leben verordnet: Keine Gro\u00dfveranstaltungen mehr, Liga-Betriebe in verschiedenen Sportarten werden ausgesetzt oder ganz eingestellt, Schlie\u00dfung von Schulen und Kitas, Einreiseverbote usw. So wurden u.a. bei meinem Sohn, der in Baden-W\u00fcrttemberg studiert, alle Uni-Veranstaltungen bis auf Weiteres ausgesetzt.<\/p>\n<p>Mit meiner Frau habe ich vor l\u00e4ngerer Zeit einen Kurzzeiturlaub auf Sizilien geplant und auch schon gebucht. Das ist zwar noch etwas hin, wird aber aus heutiger Sicht (inzwischen wurde ganz Italien zu einer Sperrzone erkl\u00e4rt) wohl nicht durchzuf\u00fchren sein. Wir werden sehen.<\/p>\n<p>Panik ist ein schlechter Ratgeber. F\u00fcr uns alle kann es jetzt nur hei\u00dfen, <a href=\"https:\/\/www.zeit.de\/wissen\/gesundheit\/2020-02\/coronavirus-hygienetipps-ansteckung-infektion-schutz?utm_source=pocket-newtab\" rel=\"noopener noreferrer\" target=\"_blank\"><strong>die wichtigsten Hygienetipps<\/strong><\/a> einzuhalten: Keine Chance f\u00fcr Viren, also H\u00e4nde waschen, richtig husten und niesen, beim Anfassen aufpassen, auf Abstand gehen, weniger K\u00f6rperkontakt, Menschenmengen meiden, m\u00f6glichst zu Hause bleiben. Zwar sch\u00fctzt der Grippe-Impfstoff nicht gegen den Coronavirus, er kann aber gef\u00e4hrliche Doppelinfektionen verhindern. &#8211; siehe auch: <a href=\"https:\/\/willizblog.de\/?p=10805\" rel=\"noopener noreferrer\" target=\"_blank\">Nein, so doch nicht &#8230; (8): Hamsterk\u00e4ufe<\/a><\/p>\n<p>Nun, ich kann Euch nur alles Gute f\u00fcr die n\u00e4chste Zukunft w\u00fcnschen. In fast allen F\u00e4llen verl\u00e4uft eine Erkrankung Covid-19 (Corona virus disease 2019) eher harmlos und ist meist nach zwei, sp\u00e4testens drei Wochen \u00fcberstanden.<\/p>\n<p>Hier eine <a href=\"https:\/\/www.tagesspiegel.de\/wissen\/covid-19-und-influenza-warum-der-vergleich-von-coronavirus-und-grippe-hinkt\/25598570.html\" rel=\"noopener noreferrer\" target=\"_blank\">\u00dcbersicht zu den wichtigsten Unterschieden zwischen Covid-19, Grippe und Erk\u00e4ltung<\/a>.<\/p>\n","protected":false},"excerpt":{"rendered":"<p>Etwa zwei Drittel der Bev\u00f6lkerung k\u00f6nnte mit dem neuen Coronavirus infiziert werden, glaubt der Leiter der Virologie an der Berliner Charit\u00e9, Christian Drosten. Er geht von einer etwa zwei Jahre andauernden Verbreitungswelle aus. In Deutschland sind nach Ansicht des Berliner Virologen Christian Drosten hohe Infektionszahlen mit dem neuen Coronavirus zu erwarten. &#8222;Es werden sich wahrscheinlich &hellip; <a href=\"https:\/\/willizblog.de\/?p=10820\" class=\"more-link\"><span class=\"screen-reader-text\">Das Coronavirus und der Stillstand des \u00d6ffentlichen Lebens<\/span> weiterlesen <span class=\"meta-nav\">&rarr;<\/span><\/a><\/p>\n","protected":false},"author":1,"featured_media":0,"comment_status":"open","ping_status":"open","sticky":false,"template":"","format":"standard","meta":[],"categories":[20],"tags":[],"_links":{"self":[{"href":"https:\/\/willizblog.de\/index.php?rest_route=\/wp\/v2\/posts\/10820"}],"collection":[{"href":"https:\/\/willizblog.de\/index.php?rest_route=\/wp\/v2\/posts"}],"about":[{"href":"https:\/\/willizblog.de\/index.php?rest_route=\/wp\/v2\/types\/post"}],"author":[{"embeddable":true,"href":"https:\/\/willizblog.de\/index.php?rest_route=\/wp\/v2\/users\/1"}],"replies":[{"embeddable":true,"href":"https:\/\/willizblog.de\/index.php?rest_route=%2Fwp%2Fv2%2Fcomments&post=10820"}],"version-history":[{"count":0,"href":"https:\/\/willizblog.de\/index.php?rest_route=\/wp\/v2\/posts\/10820\/revisions"}],"wp:attachment":[{"href":"https:\/\/willizblog.de\/index.php?rest_route=%2Fwp%2Fv2%2Fmedia&parent=10820"}],"wp:term":[{"taxonomy":"category","embeddable":true,"href":"https:\/\/willizblog.de\/index.php?rest_route=%2Fwp%2Fv2%2Fcategories&post=10820"},{"taxonomy":"post_tag","embeddable":true,"href":"https:\/\/willizblog.de\/index.php?rest_route=%2Fwp%2Fv2%2Ftags&post=10820"}],"curies":[{"name":"wp","href":"https:\/\/api.w.org\/{rel}","templated":true}]}}