{"id":10823,"date":"2020-03-13T12:38:43","date_gmt":"2020-03-13T12:38:43","guid":{"rendered":"https:\/\/willizblog.de\/?p=10823"},"modified":"2020-03-13T17:54:06","modified_gmt":"2020-03-13T17:54:06","slug":"werders-abstieg-besiegelt","status":"publish","type":"post","link":"https:\/\/willizblog.de\/?p=10823","title":{"rendered":"Werders Abstieg besiegelt?!"},"content":{"rendered":"<p>Es klingt nach Verschw\u00f6rung, aber was dem SV Werder Bremen in dieser Saison in der Fu\u00dfball-Bundesliga widerf\u00e4hrt, hat schon Ausma\u00dfe eines geheimen Komplotts, oder?<\/p>\n<p>Erst gab es die vielen Verletzten. Die Ergebnisse waren dann nicht so, wie sie erwartet wurden. Klar, dass die Mannschaft zunehmend nerv\u00f6ser wurde. Zu diesen psychischen Problem musste man dann konditionelle Schw\u00e4chen feststellen, die sich u.a. in einer zu harmlosen Offensive zeigten.<\/p>\n<p>Die eigentliche &#8218;Verschw\u00f6rung&#8216; zeigt sich dann in der Absage des Spiels gegen Frankfurt ohne terminliche Neuansetzung. Und dem nicht genug: Wie es aussieht, so wird auch das Spiel am Montag gegen Leverkusen abgesagt, da der Bremer Innensenator bef\u00fcrchtet, dass sich \u00fcber 1000 Fans vor dem Weser-Stadion versammeln, obwohl das Spiel wegen des Coronavirus vor leeren R\u00e4ngen (wie die anderen Partien des 26. Spieltags) stattfinden soll. Damit h\u00e4tten die Bremer schon zwei Spiele R\u00fcckstand.<\/p>\n<p><strong>Nachtrag:<\/strong> Inzwischen wurde auch der 26. Spieltag in der Fu\u00dfball-Bundesliga abgesagt!<\/p>\n<p><img src=\"https:\/\/www.willizblog.de\/pics\/werder2019_20_krise_kohfeld.jpg\" alt=\"Kohfeld und der vermeintliche Abstieg Werders in die Zweitklassigkeit\" title=\"Kohfeld und der vermeintliche Abstieg Werders in die Zweitklassigkeit\" \/><br \/>\nKohfeld und der vermeintliche Abstieg Werders in die Zweitklassigkeit<\/p>\n<p>Nat\u00fcrlich sind die Bremer selbst schuld an ihrer Misere (siehe oben: schwache Abwehr und schwache Offensive &#8211; Konditionsm\u00e4ngel &#8211; zudem: Anf\u00e4lligkeit bei Standardsituationen und mentale Schw\u00e4che der Spieler) und dem Fall auf den vorletzten Tabellenplatz, vier Punkte R\u00fcckstand auf den Relegations- und schon acht Punkte auf einen Nichtabstiegsplatz. Viel mehr als der 16. Platz (Relegation) ist eigentlich nicht mehr drin (siehe auch: <a href=\"https:\/\/willizblog.de\/?p=10784\" rel=\"noopener noreferrer\" target=\"_blank\">Der tiefe Fall des SV Werder: Panik an der Weser<\/a>)<\/p>\n<p>Und jetzt kommt auch noch das Coronavirus. Der 26. Spieltag findet noch statt (aber ohne das Werderspiel), dann ist erst einmal Sense bis Anfang April. Es werden auch schon die m\u00f6glichen Szenarien, falls es zu einem Abbruch der Bundesliga kommt, durchdacht. Bisher gibt es ja keine Regelung daf\u00fcr.<\/p>\n<p>M\u00f6glich w\u00e4re<\/p>\n<p>1. Tabelle einfrieren und Ende &#8211; das Problem: Werder h\u00e4tte weniger Spiele absolviert. Ansonsten w\u00fcrden die Bremer absteigen.<br \/>\n2. Saison unterbrechen und im Sommer weitermachen &#8211; nur das Coronavirus wird sich kaum daran halten, um sich im Sommer Einhalt zu gebieten.<br \/>\n3. Abbrechen und annullieren &#8211; aus heutiger Sicht wohl das Wahrscheinlichste. Nur, wie geht man mit den Ab- und Aufsteigern um. Eine Aufstockung der Bundesliga um zwei Pl\u00e4tze w\u00fcrde den Terminplan f\u00fcr die n\u00e4chste Saison durcheinanderwirbeln.<br \/>\n4. Saison mit Playoffs abk\u00fcrzen &#8211; die unteren vier Mannschaften w\u00fcrden die zwei Absteiger unter sich ausmachen (und die ersten vier den Meister). Aber daf\u00fcr m\u00fcsste beizeiten wieder gespielt werden k\u00f6nnen.<\/p>\n<p>(Quelle: <a href=\"https:\/\/www.sportschau.de\/fussball\/bundesliga\/corona-bundesliga-saison-abbruch-wer-wird-meister-100.html\" rel=\"noopener noreferrer\" target=\"_blank\">sportschau.de<\/a>)<\/p>\n<p>In fast allen F\u00e4llen w\u00e4re der SV Werder Bremen &#8218;in den Arsch&#8216; gekniffen. Es sieht also nicht gut aus. Sportlich so gut wie am Ende, aber auch durch das Coronavirus nicht gerade bevorteilt: Bremen, so ist zu bef\u00fcrchten, findet sich in der n\u00e4chsten Saison (oder der \u00fcbernachsten?!) in der 2. Liga wieder.<\/p>\n","protected":false},"excerpt":{"rendered":"<p>Es klingt nach Verschw\u00f6rung, aber was dem SV Werder Bremen in dieser Saison in der Fu\u00dfball-Bundesliga widerf\u00e4hrt, hat schon Ausma\u00dfe eines geheimen Komplotts, oder? Erst gab es die vielen Verletzten. Die Ergebnisse waren dann nicht so, wie sie erwartet wurden. Klar, dass die Mannschaft zunehmend nerv\u00f6ser wurde. Zu diesen psychischen Problem musste man dann konditionelle &hellip; <a href=\"https:\/\/willizblog.de\/?p=10823\" class=\"more-link\"><span class=\"screen-reader-text\">Werders Abstieg besiegelt?!<\/span> weiterlesen <span class=\"meta-nav\">&rarr;<\/span><\/a><\/p>\n","protected":false},"author":1,"featured_media":0,"comment_status":"open","ping_status":"open","sticky":false,"template":"","format":"standard","meta":[],"categories":[27],"tags":[],"_links":{"self":[{"href":"https:\/\/willizblog.de\/index.php?rest_route=\/wp\/v2\/posts\/10823"}],"collection":[{"href":"https:\/\/willizblog.de\/index.php?rest_route=\/wp\/v2\/posts"}],"about":[{"href":"https:\/\/willizblog.de\/index.php?rest_route=\/wp\/v2\/types\/post"}],"author":[{"embeddable":true,"href":"https:\/\/willizblog.de\/index.php?rest_route=\/wp\/v2\/users\/1"}],"replies":[{"embeddable":true,"href":"https:\/\/willizblog.de\/index.php?rest_route=%2Fwp%2Fv2%2Fcomments&post=10823"}],"version-history":[{"count":0,"href":"https:\/\/willizblog.de\/index.php?rest_route=\/wp\/v2\/posts\/10823\/revisions"}],"wp:attachment":[{"href":"https:\/\/willizblog.de\/index.php?rest_route=%2Fwp%2Fv2%2Fmedia&parent=10823"}],"wp:term":[{"taxonomy":"category","embeddable":true,"href":"https:\/\/willizblog.de\/index.php?rest_route=%2Fwp%2Fv2%2Fcategories&post=10823"},{"taxonomy":"post_tag","embeddable":true,"href":"https:\/\/willizblog.de\/index.php?rest_route=%2Fwp%2Fv2%2Ftags&post=10823"}],"curies":[{"name":"wp","href":"https:\/\/api.w.org\/{rel}","templated":true}]}}