{"id":10827,"date":"2020-03-13T14:22:28","date_gmt":"2020-03-13T14:22:28","guid":{"rendered":"https:\/\/willizblog.de\/?p=10827"},"modified":"2020-03-13T14:29:17","modified_gmt":"2020-03-13T14:29:17","slug":"coronavirus-schliessung-der-schulen-und-kindergaerten-einschl-kindertagespflege-in-niedersachsen-bis-zum-18-04-2020","status":"publish","type":"post","link":"https:\/\/willizblog.de\/?p=10827","title":{"rendered":"Coronavirus: Schlie\u00dfung der Schulen und Kinderg\u00e4rten (einschl. Kindertagespflege) in Niedersachsen bis zum 18.04.2020"},"content":{"rendered":"<p>Laut einer fachaufsichtlichen <a href=\"https:\/\/www.ms.niedersachsen.de\/startseite\/service_kontakt\/presseinformationen\/massnahmen-im-kampf-gegen-covid-19-186140.html\" rel=\"noopener noreferrer\" target=\"_blank\"><strong>Weisung des Nieders\u00e4chsischen Ministeriums f\u00fcr Soziales, Gesundheit und Gleichstellung<\/strong><\/a> sind mit dem 16.03.2020 die Schulen, Kinderg\u00e4rten und Kindertagespflegestellen in Niedersachsen <strong>bis einschlie\u00dflich 18.04.2020 geschlossen<\/strong>.<\/p>\n<p>Es wird eine Notbetreuung f\u00fcr Besch\u00e4ftige aus den Bereichen Pflege, Gesundheit, Medizin und \u00f6ffentliche Sicherheit wie Polizei, Justiz, Rettungsdienste, Feuerwehr und Katastrophenschutz, sowie zur Aufrechterhaltung der Daseinsvorsorge geben.<\/p>\n<p><img src=\"https:\/\/www.willizblog.de\/pics\/coronavirus.jpg\" alt=\"Coronavirus\" title=\"Coronavirus\" \/><br \/>\nCoronavirus<\/p>\n<p>Betroffen sind nat\u00fcrlich <strong>die Eltern<\/strong>, die jetzt f\u00fcr die Betreuung ihrer Kinder sorgen m\u00fcssen (gilt besonders f\u00fcr Kinder im Vorschulalter). Hierzu folgende <strong>wichtige Information<\/strong>:<\/p>\n<p>\u00b7 <strong>Nicht einfach zu Hause bleiben<\/strong>: Man sollte direkt den Arbeitgeber kontaktieren, um die Situation zu besprechen. Im Zweifel hat er bereits davon geh\u00f6rt und bietet seinerseits eine L\u00f6sung.<br \/>\n\u00b7 <strong>Alternative finden<\/strong>: Die Betreuung zu Hause ist nur gestattet, wenn sich wirklich keine andere M\u00f6glichkeit bietet. Wenn der\/die Partner*in oder andere Familienmitglieder die Kinder nicht h\u00fcten k\u00f6nnen oder selbst von der Ausgangssperre bedroht sind. Die Gro\u00dfeltern sollten wegen der erh\u00f6hten Gefahr geschont werden.<br \/>\n\u00b7 <strong>Kurzfristige Situation<\/strong>: Die Lohnfortzahlung gilt nur f\u00fcr eine bestimmte Zeit. Dies muss der Arbeitgeber im Einzelfall entscheiden und es h\u00e4ngt auch vom jeweiligen Dienstverh\u00e4ltnis ab.<br \/>\n\u00b7 <strong>Entgegen kommen<\/strong>: Der Arbeitgeber kann verlangen, dass man Urlaub nimmt, Homeoffice macht, wo es sich anbietet oder \u00dcberstunden abbaut. Eventuell darf man das Kind vielleicht mit zur Arbeit bringen, wenn es selbst gesund ist und nicht vom Virus-Verdacht betroffen ist.<\/p>\n<p><strong>Im Notfall auf Kinderkrankentage zur\u00fcckgreifen<\/strong><br \/>\nVieles h\u00e4ngt von der Kulanz und dem Verh\u00e4ltnis zum Arbeitgeber ab. Es ist sogar m\u00f6glich, dass der Paragraph, der die Gehaltszahlung bei Verhinderung regelt, im Vertrag ausgeschlossen wird. Dann kann man den Vorgesetzten zwar bitten, zu Hause bleiben zu d\u00fcrfen \u2013 jedoch ohne Gehalt. Im Zweifel kann man sich krankschreiben lassen. Einem verheirateten Paar stehen 10 Kinderkrankentage pro Kind, pro Jahr und pro Person zur Verf\u00fcgung, bei Alleinerziehenden sind es 20 Tage (SGB V \u00a7 45).<\/p>\n<p><strong>Sprecht mit dem Arbeitgeber<\/strong><br \/>\nWer eins oder mehrere Kitakinder hat, bekommt gro\u00dfe Probleme, wenn er vor einer verschlossenen Kitat\u00fcr steht. Ihr solltet daher unbedingt direkt euren Vorgesetzten anrufen und auf eine L\u00f6sung bedacht sein. Meiner Erfahrung nach, hilft es immer, sich um ein gutes Verh\u00e4ltnis zum Arbeitgeber zu bem\u00fchen und zu zeigen, dass es wirklich keinen anderen Ausweg gibt. Doch man kann nicht von vorn herein erwarten, dass der Arbeitgeber das Gehalt weiter zahlt. Da diese Situation bei uns auch noch sehr neu ist, werdet ihr auf alles gefasst sein m\u00fcssen. Im Zweifel wendet ihr euch am besten an einen Anwalt f\u00fcr Arbeitsrecht, sollte euch f\u00fcr eine l\u00e4ngere Zeit die Betreuung eurer Kinder durch die Kita verwehrt bleiben.<\/p>\n<p>(Quelle: <a href=\"https:\/\/www.familie.de\/familienleben\/finanzen\/kita-zu-corona-was-eltern-lohnfortzahlung\/\" rel=\"noopener noreferrer\" target=\"_blank\">familie.de<\/a>)<\/p>\n","protected":false},"excerpt":{"rendered":"<p>Laut einer fachaufsichtlichen Weisung des Nieders\u00e4chsischen Ministeriums f\u00fcr Soziales, Gesundheit und Gleichstellung sind mit dem 16.03.2020 die Schulen, Kinderg\u00e4rten und Kindertagespflegestellen in Niedersachsen bis einschlie\u00dflich 18.04.2020 geschlossen. Es wird eine Notbetreuung f\u00fcr Besch\u00e4ftige aus den Bereichen Pflege, Gesundheit, Medizin und \u00f6ffentliche Sicherheit wie Polizei, Justiz, Rettungsdienste, Feuerwehr und Katastrophenschutz, sowie zur Aufrechterhaltung der Daseinsvorsorge geben. &hellip; <a href=\"https:\/\/willizblog.de\/?p=10827\" class=\"more-link\"><span class=\"screen-reader-text\">Coronavirus: Schlie\u00dfung der Schulen und Kinderg\u00e4rten (einschl. Kindertagespflege) in Niedersachsen bis zum 18.04.2020<\/span> weiterlesen <span class=\"meta-nav\">&rarr;<\/span><\/a><\/p>\n","protected":false},"author":1,"featured_media":0,"comment_status":"open","ping_status":"open","sticky":false,"template":"","format":"standard","meta":[],"categories":[11,20],"tags":[],"_links":{"self":[{"href":"https:\/\/willizblog.de\/index.php?rest_route=\/wp\/v2\/posts\/10827"}],"collection":[{"href":"https:\/\/willizblog.de\/index.php?rest_route=\/wp\/v2\/posts"}],"about":[{"href":"https:\/\/willizblog.de\/index.php?rest_route=\/wp\/v2\/types\/post"}],"author":[{"embeddable":true,"href":"https:\/\/willizblog.de\/index.php?rest_route=\/wp\/v2\/users\/1"}],"replies":[{"embeddable":true,"href":"https:\/\/willizblog.de\/index.php?rest_route=%2Fwp%2Fv2%2Fcomments&post=10827"}],"version-history":[{"count":0,"href":"https:\/\/willizblog.de\/index.php?rest_route=\/wp\/v2\/posts\/10827\/revisions"}],"wp:attachment":[{"href":"https:\/\/willizblog.de\/index.php?rest_route=%2Fwp%2Fv2%2Fmedia&parent=10827"}],"wp:term":[{"taxonomy":"category","embeddable":true,"href":"https:\/\/willizblog.de\/index.php?rest_route=%2Fwp%2Fv2%2Fcategories&post=10827"},{"taxonomy":"post_tag","embeddable":true,"href":"https:\/\/willizblog.de\/index.php?rest_route=%2Fwp%2Fv2%2Ftags&post=10827"}],"curies":[{"name":"wp","href":"https:\/\/api.w.org\/{rel}","templated":true}]}}