{"id":10837,"date":"2020-03-24T19:59:03","date_gmt":"2020-03-24T19:59:03","guid":{"rendered":"https:\/\/willizblog.de\/?p=10837"},"modified":"2020-03-25T14:36:41","modified_gmt":"2020-03-25T14:36:41","slug":"frostschutzberegnung-aussergewoehnlicher-anblick-am-morgen","status":"publish","type":"post","link":"https:\/\/willizblog.de\/?p=10837","title":{"rendered":"Frostschutzberegnung &#8211; au\u00dfergew\u00f6hnlicher Anblick am Morgen"},"content":{"rendered":"<p><em>Bei Obstb\u00e4umen kann sp\u00e4ter Frost besonders gro\u00dfe Sch\u00e4den anrichten. Solange sie im Winterschlaf sind, macht ihnen die K\u00e4lte nichts aus. Sobald sie Bl\u00fctenknospen und Triebe angesetzt haben, k\u00f6nnen Minusgrade eine verheerende Wirkung haben. Unter Umst\u00e4nden kann sogar die gesamte Ernte in Gefahr sein. Als Faustregel gilt: Geschlossene Knospen vertragen minus vier Grad. Wenn die Bl\u00fctenbl\u00e4tter schon zu sehen sind, liegt eine Temperatur von minus zwei Grad noch im Toleranzbereich und bei offenen Bl\u00fcten liegt die Grenze bei null Grad.<\/em><\/p>\n<p><em>Obstbauern sch\u00fctzen die empfindlichen Bl\u00fcten vor Frostsch\u00e4den, indem sie Beregnungsanlagen einsetzen, die einen feinen Spr\u00fchnebel auf dem Baum verteilen. Das Wasser k\u00fchlt ab und gefriert, w\u00e4hrend sich die Luft erw\u00e4rmt. Sind Temperaturen von null Grad erreicht, nehmen Knospen und Bl\u00fcten keinen Schaden. Das Prinzip nennt man &#8222;Frostschutzberegnung&#8220;.<\/em> (Quelle: <a href=\"https:\/\/www.ndr.de\/ratgeber\/garten\/Pflanzen-und-Obstbaeume-im-Fruehling-vor-Frost-schuetzen,frostschutz125.html\" rel=\"noopener noreferrer\" target=\"_blank\">ndr.de<\/a>)<\/p>\n<p><img src=\"https:\/\/www.willizblog.de\/pics\/tostedt2020_eis_obst01.jpg\" alt=\"Obstb\u00e4ume nach Frostschutzberegnung\" title=\"Obstb\u00e4ume nach Frostschutzberegnung\" \/><br \/>\nObstb\u00e4ume nach Frostschutzberegnung<\/p>\n<p>In diesen Tagen scheint zwar die Sonne in voller Pracht, aber die Temperaturen liegen am Tag durch die kalte Luft, die aus dem Osten zu uns str\u00f6mt, noch deutlich unter 10 \u00b0 C, in der Nacht gibt es sogar Ende M\u00e4rz noch Frost. Da die Obstb\u00e4ume bereits Bl\u00fcten tragen, helfen sich auch unsere Obstbauern mit der Beregnung  der B\u00e4ume.<\/p>\n<p><img src=\"https:\/\/www.willizblog.de\/pics\/tostedt2020_eis_obst02.jpg\" alt=\"Obstb\u00e4ume nach Frostschutzberegnung\" title=\"Obstb\u00e4ume nach Frostschutzberegnung\" \/><br \/>\nObstb\u00e4ume nach Frostschutzberegnung<\/p>\n<p>Was dem Schutz der Obstb\u00e4ume dient, ist f\u00fcr den Betrachter am Morgen ein wunderbarer Anblick. So gesehen in Todtgl\u00fcsingen, einem Ortsteil meines Wohnortes Tostedt.<\/p>\n<p><img src=\"https:\/\/www.willizblog.de\/pics\/tostedt2020_eis_obst03.jpg\" alt=\"Obstb\u00e4ume nach Frostschutzberegnung\" title=\"Obstb\u00e4ume nach Frostschutzberegnung\" \/><br \/>\nObstb\u00e4ume nach Frostschutzberegnung<\/p>\n<p>Weitere Fotos siehe auf <a href=\"https:\/\/www.facebook.com\/willizblog\" rel=\"noopener noreferrer\" target=\"_blank\">meinem Facebook-Konto<\/a>:<br \/>\n<iframe loading=\"lazy\" src=\"https:\/\/www.facebook.com\/plugins\/post.php?href=https%3A%2F%2Fwww.facebook.com%2Fmedia%2Fset%2F%3Fset%3Da.3405923056091453%26type%3D3&#038;width=500\" width=\"560\" height=\"645\" style=\"border:none;overflow:hidden\" scrolling=\"no\" frameborder=\"0\" allowTransparency=\"true\" allow=\"encrypted-media\"><\/iframe><\/p>\n","protected":false},"excerpt":{"rendered":"<p>Bei Obstb\u00e4umen kann sp\u00e4ter Frost besonders gro\u00dfe Sch\u00e4den anrichten. Solange sie im Winterschlaf sind, macht ihnen die K\u00e4lte nichts aus. Sobald sie Bl\u00fctenknospen und Triebe angesetzt haben, k\u00f6nnen Minusgrade eine verheerende Wirkung haben. Unter Umst\u00e4nden kann sogar die gesamte Ernte in Gefahr sein. Als Faustregel gilt: Geschlossene Knospen vertragen minus vier Grad. Wenn die Bl\u00fctenbl\u00e4tter &hellip; <a href=\"https:\/\/willizblog.de\/?p=10837\" class=\"more-link\"><span class=\"screen-reader-text\">Frostschutzberegnung &#8211; au\u00dfergew\u00f6hnlicher Anblick am Morgen<\/span> weiterlesen <span class=\"meta-nav\">&rarr;<\/span><\/a><\/p>\n","protected":false},"author":1,"featured_media":0,"comment_status":"open","ping_status":"open","sticky":false,"template":"","format":"standard","meta":[],"categories":[11],"tags":[],"_links":{"self":[{"href":"https:\/\/willizblog.de\/index.php?rest_route=\/wp\/v2\/posts\/10837"}],"collection":[{"href":"https:\/\/willizblog.de\/index.php?rest_route=\/wp\/v2\/posts"}],"about":[{"href":"https:\/\/willizblog.de\/index.php?rest_route=\/wp\/v2\/types\/post"}],"author":[{"embeddable":true,"href":"https:\/\/willizblog.de\/index.php?rest_route=\/wp\/v2\/users\/1"}],"replies":[{"embeddable":true,"href":"https:\/\/willizblog.de\/index.php?rest_route=%2Fwp%2Fv2%2Fcomments&post=10837"}],"version-history":[{"count":0,"href":"https:\/\/willizblog.de\/index.php?rest_route=\/wp\/v2\/posts\/10837\/revisions"}],"wp:attachment":[{"href":"https:\/\/willizblog.de\/index.php?rest_route=%2Fwp%2Fv2%2Fmedia&parent=10837"}],"wp:term":[{"taxonomy":"category","embeddable":true,"href":"https:\/\/willizblog.de\/index.php?rest_route=%2Fwp%2Fv2%2Fcategories&post=10837"},{"taxonomy":"post_tag","embeddable":true,"href":"https:\/\/willizblog.de\/index.php?rest_route=%2Fwp%2Fv2%2Ftags&post=10837"}],"curies":[{"name":"wp","href":"https:\/\/api.w.org\/{rel}","templated":true}]}}