{"id":10866,"date":"2020-04-11T00:19:21","date_gmt":"2020-04-11T00:19:21","guid":{"rendered":"https:\/\/willizblog.de\/?p=10866"},"modified":"2020-04-10T10:24:38","modified_gmt":"2020-04-10T10:24:38","slug":"quiz-zum-wochenende-3-pest-cholera-typhus-oder-covid-19","status":"publish","type":"post","link":"https:\/\/willizblog.de\/?p=10866","title":{"rendered":"Quiz zum Wochenende (3): Pest, Cholera, Typhus oder Covid-19?!"},"content":{"rendered":"<p>In naher Zukunft wird wohl auch das <em>Coronavirus<\/em> und die daraus verursachte Krankheit <a href=\"https:\/\/de.wikipedia.org\/wiki\/COVID-19\" rel=\"noopener noreferrer\" target=\"_blank\">Covid-19<\/a> literarisch aufgearbeitet werden. Die Pest, Cholera und Typhus haben dagegen l\u00e4ngst ihren Niederschlag in der Bellestristik gefunden.<\/p>\n<p>So habe ich in diesen Tagen einen Roman gelesen, in dem eine dieser Infektionskrankheiten eine wesentliche Rolle spielt.<\/p>\n<p>Hierzu meine heutige Quizfrage:<\/p>\n<p>Einer der Protagonisten dieses Romans ist ein kleiner Rathausangestellter, der einen Roman schreiben will, jedoch nie \u00fcber den ersten Satz hinauskommt. So lautet dieser Satz anfangs:<br \/>\n<em><br \/>\n&#8222;An einem sch\u00f6nen Morgen des Monats Mai durchritt eine elegante Amazone auf einer wunderbaren Fuchsstute die bl\u00fchenden Alleen des Bois de Boulogne.&#8220;<\/em><\/p>\n<p>Eine 2. Fassung lautet dann:<br \/>\n<em>&#8222;An einem sch\u00f6nen Maimorgen durchritt eine schlanke Amazone auf einer wunderbaren Fuchsstute die bl\u00fchenden Alleen de Bois de Boulogne.&#8220;<\/em><\/p>\n<p>Auch das ist ihm noch nicht gut genug. So \u00e4ndert er diesen Saz wie folgt:<br \/>\n<em>&#8222;An einem sch\u00f6nen Maimorgen durchritt eine schlanke Amazone auf einer pr\u00e4chtigen Fuchsstute die Alleen voller Blumen des Bois de Boulogne.&#8220;<\/em><\/p>\n<p>Und er kommt zur vorerst letzten Fassung:<br \/>\n<em>&#8222;An einem sch\u00f6nen Maimorgen durchritt eine schlanke Amazone auf einer pr\u00e4chtigen Fuchsstute inmitten der Blumen die Alleen des Bois.&#8220;<\/em><\/p>\n<p>Am Ende verzichtet er auf alle Adjektive:<br \/>\n<strong><em>&#8222;An einem Maimorgen durchritt eine Amazone auf einer Fuchsstute inmitten der Blumen die Alleen des Bois.&#8220;<\/em><\/strong><\/p>\n<p><img src=\"https:\/\/www.willizblog.de\/pics\/pest_cholera_typhus.jpg\" alt=\"Willi mit Pest, Cholera oder Typhus und zu langen Haaren (den Zeitpunkt, zum Friseur zu gehen, verpasst)\" title=\"Willi mit Pest, Cholera oder Typhus und zu langen Haaren (den Zeitpunkt, zum Friseur zu gehen, verpasst)\" \/><br \/>\nWilli mit Pest, Cholera oder Typhus und zu langen Haaren (den Zeitpunkt, zum Friseur zu gehen, verpasst)<\/p>\n<p>Diese Romanfigur erkrankt \u00fcbrigens an der Seuche, wird diese aber \u00fcberleben. &#8211; Von wem stammt der Roman und wie hei\u00dft dieser?<\/p>\n<p><a href=\"https:\/\/de.wikipedia.org\/wiki\/Die_Pest\" rel=\"noopener noreferrer\" target=\"_blank\">Albert Camus:<\/a> <a target=\"_blank\" href=\"https:\/\/www.amazon.de\/gp\/product\/349922500X\/ref=as_li_tl?ie=UTF8&#038;camp=1638&#038;creative=6742&#038;creativeASIN=349922500X&#038;linkCode=as2&#038;tag=familiealbin-21&#038;linkId=9e8eae712e5fc70de21c06db6979259c\" rel=\"noopener noreferrer\">Die Pest<\/a><img loading=\"lazy\" src=\"\/\/ir-de.amazon-adsystem.com\/e\/ir?t=familiealbin-21&#038;l=am2&#038;o=3&#038;a=349922500X\" width=\"1\" height=\"1\" border=\"0\" alt=\"\" style=\"border:none !important; margin:0px !important;\" \/><\/p>\n<p><a href=\"https:\/\/de.wikipedia.org\/wiki\/Die_Liebe_in_den_Zeiten_der_Cholera\" rel=\"noopener noreferrer\" target=\"_blank\">Gabriel Garc\u00eda M\u00e1rquez:<\/a> <a target=\"_blank\" href=\"https:\/\/www.amazon.de\/gp\/product\/359690708X\/ref=as_li_tl?ie=UTF8&#038;camp=1638&#038;creative=6742&#038;creativeASIN=359690708X&#038;linkCode=as2&#038;tag=familiealbin-21&#038;linkId=3ccf07ba9ab076afe06b430ee6e80d2f\" rel=\"noopener noreferrer\">Die Liebe in den Zeiten der Cholera<\/a><img loading=\"lazy\" src=\"\/\/ir-de.amazon-adsystem.com\/e\/ir?t=familiealbin-21&#038;l=am2&#038;o=3&#038;a=359690708X\" width=\"1\" height=\"1\" border=\"0\" alt=\"\" style=\"border:none !important; margin:0px !important;\" \/><\/p>\n<p><a href=\"https:\/\/de.wikipedia.org\/wiki\/Die_Ballade_von_der_Typhoid_Mary\" rel=\"noopener noreferrer\" target=\"_blank\">J\u00fcrg Federspiel:<\/a> <a target=\"_blank\" href=\"https:\/\/www.amazon.de\/gp\/product\/3518019422\/ref=as_li_tl?ie=UTF8&#038;camp=1638&#038;creative=6742&#038;creativeASIN=3518019422&#038;linkCode=as2&#038;tag=familiealbin-21&#038;linkId=99f07950a026b848c62332a8be3beac1\" rel=\"noopener noreferrer\">Die Ballade von der Typhoid Mary<\/a><img loading=\"lazy\" src=\"\/\/ir-de.amazon-adsystem.com\/e\/ir?t=familiealbin-21&#038;l=am2&#038;o=3&#038;a=3518019422\" width=\"1\" height=\"1\" border=\"0\" alt=\"\" style=\"border:none !important; margin:0px !important;\" \/><\/p>\n<p>Nun, wer von Euch wei\u00df es? Ansonsten weiterhin gute Gesundheit!<\/p>\n","protected":false},"excerpt":{"rendered":"<p>In naher Zukunft wird wohl auch das Coronavirus und die daraus verursachte Krankheit Covid-19 literarisch aufgearbeitet werden. Die Pest, Cholera und Typhus haben dagegen l\u00e4ngst ihren Niederschlag in der Bellestristik gefunden. So habe ich in diesen Tagen einen Roman gelesen, in dem eine dieser Infektionskrankheiten eine wesentliche Rolle spielt. Hierzu meine heutige Quizfrage: Einer der &hellip; <a href=\"https:\/\/willizblog.de\/?p=10866\" class=\"more-link\"><span class=\"screen-reader-text\">Quiz zum Wochenende (3): Pest, Cholera, Typhus oder Covid-19?!<\/span> weiterlesen <span class=\"meta-nav\">&rarr;<\/span><\/a><\/p>\n","protected":false},"author":1,"featured_media":0,"comment_status":"open","ping_status":"open","sticky":false,"template":"","format":"standard","meta":[],"categories":[14],"tags":[],"_links":{"self":[{"href":"https:\/\/willizblog.de\/index.php?rest_route=\/wp\/v2\/posts\/10866"}],"collection":[{"href":"https:\/\/willizblog.de\/index.php?rest_route=\/wp\/v2\/posts"}],"about":[{"href":"https:\/\/willizblog.de\/index.php?rest_route=\/wp\/v2\/types\/post"}],"author":[{"embeddable":true,"href":"https:\/\/willizblog.de\/index.php?rest_route=\/wp\/v2\/users\/1"}],"replies":[{"embeddable":true,"href":"https:\/\/willizblog.de\/index.php?rest_route=%2Fwp%2Fv2%2Fcomments&post=10866"}],"version-history":[{"count":0,"href":"https:\/\/willizblog.de\/index.php?rest_route=\/wp\/v2\/posts\/10866\/revisions"}],"wp:attachment":[{"href":"https:\/\/willizblog.de\/index.php?rest_route=%2Fwp%2Fv2%2Fmedia&parent=10866"}],"wp:term":[{"taxonomy":"category","embeddable":true,"href":"https:\/\/willizblog.de\/index.php?rest_route=%2Fwp%2Fv2%2Fcategories&post=10866"},{"taxonomy":"post_tag","embeddable":true,"href":"https:\/\/willizblog.de\/index.php?rest_route=%2Fwp%2Fv2%2Ftags&post=10866"}],"curies":[{"name":"wp","href":"https:\/\/api.w.org\/{rel}","templated":true}]}}