{"id":1087,"date":"2008-01-28T09:33:18","date_gmt":"2008-01-28T07:33:18","guid":{"rendered":"http:\/\/www.albinz.de\/blog\/?p=1087"},"modified":"2008-01-28T09:39:56","modified_gmt":"2008-01-28T07:39:56","slug":"wulff-strahlt-koch-kocht","status":"publish","type":"post","link":"https:\/\/willizblog.de\/?p=1087","title":{"rendered":"Wulff strahlt, Koch kocht"},"content":{"rendered":"<p>Da hat Christian Wulff gut lachen, kann er seine Regierungsarbeit in Niedersachsen mit der FDP fortsetzen \u2013 trotz des Einzugs der Linken mit 7,1 % in den Landtag. Wolfgang Koch dagegen d\u00fcrfte kochen vor Wut, ist seine Koalition geplatzt, obwohl sich die CDU am Ende doch noch knapp vor der SPD (36,8 zu 36,7 %) behaupten konnte. Hier haben ihm die Linken mit erreichten 5,1 % einen Strich durch die Rechnung gemacht. In Hessen ist also alles offen, w\u00e4hrend Strahlemann Wulff trotz verlorener 5,8 % weiterhin den Sieger spielen darf.<\/p>\n<p>Fr\u00fcher wurde ein solcher Verlust (eben jene 5,8 % gegen\u00fcber der Wahl vor f\u00fcnf Jahren) eher noch als herbe empfunden. Heute ist das kein Grund mehr zum Tr\u00fcbsal blasen. Dass die Wahlbeteiligung von schon schwachen 67 % von 2003 auf h\u00f6chst magere 57 % gesunken ist, scheint unsere Demokraten in Hannover auch nicht weiter zu st\u00f6ren. Danach hat aber nicht einmal jeder 4. wahlberechtigte B\u00fcrger in Niedersachsen die Partei von Herrn Wulff gew\u00e4hlt (genau 24,2 %).<\/p>\n<p>Allein das schlechte Wetter kann daran nicht schuld sein. Sicherlich haben das auch die Medien zu verantworten, die dank ihrer vorherigen Prognosen schon fr\u00fch Herrn Wulff zum Sieger erkl\u00e4rten. Nat\u00fcrlich hat auch der Kandidat der SPD, Herrn J\u00fcttner, sein Scherflein hierzu beigetragen (er blieb blass, ohne Charisma). Viele eigentliche SPD-W\u00e4hler blieben zu Hause.<\/p>\n<p>Interessant finde ich auch die Ausz\u00e4hlung des Wahlkreises 78 (Osnabr\u00fcck-West), n\u00e4mlich die von Herrn Christian Wulff. Hatte er 2003 noch 55,6 % der Erststimmen erzielen k\u00f6nnen, so bekam er jetzt 46,7 %, also 8,9 % weniger. Und die CDU landete bei den Zweitstimmen bei 37,4 % &#8211; gut 5 % unter dem Landesschnitt.<\/p>\n<p>Hier: <a href=\"http:\/\/www.nls.niedersachsen.de\/LW2008\/landtagswahl_2008.html\" target=\"_blank\">Vorl\u00e4ufiges amtliches Endergebnis der Landtagswahl am 27.01.2008 in Niedersachsen mit den vollst\u00e4ndigen Ergebnissen in den einzelnen Wahlkreisen<\/a><\/p>\n<p>Nun in meinem <a href=\"http:\/\/www.nls.niedersachsen.de\/LW2008\/052.htm\" target=\"_blank\">Wahlkreis 52 Buchholz<\/a> siegte wieder Herr <a href=\"http:\/\/www.heiner-schoenecke.de\/\" target=\"_blank\">Heiner Sch\u00f6necke<\/a> (\u201eHeiner bewegt!\u201c), u.a. Gefl\u00fcgelbauer (mit Batterie- also K\u00e4fighaltung). Ist nun einmal eine rustikal schwarze Gegend hier. <\/p>\n<p><img src=\"https:\/\/www.willizblog.de\/blogpicts\/ltw2008_buchholz_52.jpg\" alt=\"Landtagswahl Niedersachsen 2008: Wahlkreis 52 Buchholz\" \/><\/p>\n","protected":false},"excerpt":{"rendered":"<p>Da hat Christian Wulff gut lachen, kann er seine Regierungsarbeit in Niedersachsen mit der FDP fortsetzen \u2013 trotz des Einzugs der Linken mit 7,1 % in den Landtag. Wolfgang Koch dagegen d\u00fcrfte kochen vor Wut, ist seine Koalition geplatzt, obwohl sich die CDU am Ende doch noch knapp vor der SPD (36,8 zu 36,7 %) &hellip; <a href=\"https:\/\/willizblog.de\/?p=1087\" class=\"more-link\"><span class=\"screen-reader-text\">Wulff strahlt, Koch kocht<\/span> weiterlesen <span class=\"meta-nav\">&rarr;<\/span><\/a><\/p>\n","protected":false},"author":1,"featured_media":0,"comment_status":"open","ping_status":"closed","sticky":false,"template":"","format":"standard","meta":[],"categories":[12,11],"tags":[],"_links":{"self":[{"href":"https:\/\/willizblog.de\/index.php?rest_route=\/wp\/v2\/posts\/1087"}],"collection":[{"href":"https:\/\/willizblog.de\/index.php?rest_route=\/wp\/v2\/posts"}],"about":[{"href":"https:\/\/willizblog.de\/index.php?rest_route=\/wp\/v2\/types\/post"}],"author":[{"embeddable":true,"href":"https:\/\/willizblog.de\/index.php?rest_route=\/wp\/v2\/users\/1"}],"replies":[{"embeddable":true,"href":"https:\/\/willizblog.de\/index.php?rest_route=%2Fwp%2Fv2%2Fcomments&post=1087"}],"version-history":[{"count":0,"href":"https:\/\/willizblog.de\/index.php?rest_route=\/wp\/v2\/posts\/1087\/revisions"}],"wp:attachment":[{"href":"https:\/\/willizblog.de\/index.php?rest_route=%2Fwp%2Fv2%2Fmedia&parent=1087"}],"wp:term":[{"taxonomy":"category","embeddable":true,"href":"https:\/\/willizblog.de\/index.php?rest_route=%2Fwp%2Fv2%2Fcategories&post=1087"},{"taxonomy":"post_tag","embeddable":true,"href":"https:\/\/willizblog.de\/index.php?rest_route=%2Fwp%2Fv2%2Ftags&post=1087"}],"curies":[{"name":"wp","href":"https:\/\/api.w.org\/{rel}","templated":true}]}}