{"id":10886,"date":"2020-04-23T09:26:02","date_gmt":"2020-04-23T09:26:02","guid":{"rendered":"https:\/\/willizblog.de\/?p=10886"},"modified":"2020-04-23T09:26:02","modified_gmt":"2020-04-23T09:26:02","slug":"welttag-des-buches-willi-liest","status":"publish","type":"post","link":"https:\/\/willizblog.de\/?p=10886","title":{"rendered":"Welttag des Buches &#8211; Willi liest"},"content":{"rendered":"<p>Es ist eine sch\u00f6ne Sitte (oder fast schon Unsitte), Tagen eine gewisse Bedeutung zu geben. Heute ist also der <a href=\"https:\/\/de.wikipedia.org\/wiki\/Welttag_des_Buches\" rel=\"noopener noreferrer\" target=\"_blank\">Welttag des Buches<\/a>. So wird dem Buch als solches gehuldigt. Ich w\u00e4re der Letzte, der etwas dagegen h\u00e4tte.<\/p>\n<p><img src=\"https:\/\/upload.wikimedia.org\/wikipedia\/commons\/thumb\/c\/ca\/Welttag_des_Buches.jpg\/170px-Welttag_des_Buches.jpg\" alt=\"23. April: Welttag des Buches\" title=\"23. April: Welttag des Buches\" \/><br \/>\n23. April: Welttag des Buches<\/p>\n<p>Wenn man wie ich von der schn\u00f6den Arbeit entbunden ist, also \u00fcber freie Zeit en masse verf\u00fcgt (es sei denn, andere meinen, meine kostbare Zeit unn\u00f6tig in Anspruch zu nehmen), der schl\u00e4gt gern ein Buch auf oder zwei oder drei &#8230;<\/p>\n<p>Noch in etwas sichtbar weiter (wohl auch geistiger) Ferne liegt der <a href=\"https:\/\/de.wikipedia.org\/wiki\/Ulysses\" rel=\"noopener noreferrer\" target=\"_blank\">Ulysses<\/a> von <a href=\"https:\/\/de.wikipedia.org\/wiki\/James_Joyce\" rel=\"noopener noreferrer\" target=\"_blank\">James Joyce<\/a> (\u00fcbersetzt von <a href=\"https:\/\/de.wikipedia.org\/wiki\/Hans_Wollschl%C3%A4ger\" rel=\"noopener noreferrer\" target=\"_blank\">Hans Wollschl\u00e4ger<\/a>) auf einem Stapel anderer B\u00fccher, den ich vor vielen Jahren einmal bis zur Seite 400 geschafft hatte. Dann gab ich es mit dem Hinweis auf, es einmal z.B. im Rentenalter erneut aufzuschlagen:<\/p>\n<p><em>Stately, plump Buck Mulligan came from the stairhead, bearing a bowl of<br \/>\nlather on which a mirror and a razor lay crossed. A yellow dressinggown,<br \/>\nungirdled, was sustained gently behind him on the mild morning air. He held<br \/>\nthe bowl aloft and intoned:<br \/>\n\u2014Introibo ad altare Dei.<br \/>\nHalted, he peered down the dark winding stairs and called out coarsely:<br \/>\n\u2014Come up, Kinch! Come up, you fearful jesuit!<\/em><\/p>\n<p>&#8230; zu Deutsch nach Hans Wollschl\u00e4ger (1975):<\/p>\n<p><em>STATTLICH UND FEIST erschien Buck Mulligan am Treppenaustritt, ein Seifenbecken in<br \/>\nH\u00e4nden, auf dem gekreuzt ein Spiegel und ein Rasiermesser lagen. Ein gelber Schlafrock mit<br \/>\noffenem G\u00fcrtel bauschte sich leicht hinter ihm in der milden Morgenluft. Er hielt das Becken in die<br \/>\nH\u00f6he und intonierte:<br \/>\n&#8211; Introibo ad altare Dei. [Zum Altar Gottes will ich treten, &#8230;]<br \/>\nInnehaltend sp\u00e4hte er die dunkle Wendeltreppe hinunter und kommandierte grob:<br \/>\n&#8211; Komm rauf, Kinch! Komm rauf, du feiger Jesuit!<\/em><\/p>\n<p>&#8230; und in der \u00dcbersetzung von <a href=\"https:\/\/de.wikipedia.org\/wiki\/Georg_Goyert\" rel=\"noopener noreferrer\" target=\"_blank\">Georg Goyert<\/a> (1927):<\/p>\n<p><em>Gravit\u00e4tisch kam der dicke Buck Mulligan vom Austritt am obern Ende der Treppe: er trug ein Rasierbecken, auf dem kreuzweise ein Spiegel und ein Rasiermesser lagen. Im milden Morgenwind bauschte sich leicht hinter ihm ein gelber, ungeg\u00fcrtelter Schlafrock. Er hob das Becken in die H\u00f6he und stimmte an:<br \/>\n>Introibo ad altare Dei.<\nDann machte er halt, sah die dunkle Wendeltreppe hinab und rief rauh:\n>Kinch, komm rauf! Komm rauf, du gr\u00e4\u00dflicher Jesuit!<<\/em><\/p>\n<p>In zwei Jahren j\u00e4hrt sich zum hundertsten Mal der Jahrestag des Erscheinens (1922) dieses <a target=\"_blank\" href=\"https:\/\/www.amazon.de\/gp\/product\/B015J5W710\/ref=as_li_tl?ie=UTF8&#038;camp=1638&#038;creative=6742&#038;creativeASIN=B015J5W710&#038;linkCode=as2&#038;tag=familiealbin-21&#038;linkId=030ca95101e7071537cb127ac9af0207\" rel=\"noopener noreferrer\"><strong>Romans<\/strong><\/a><img loading=\"lazy\" src=\"\/\/ir-de.amazon-adsystem.com\/e\/ir?t=familiealbin-21&#038;l=am2&#038;o=3&#038;a=B015J5W710\" width=\"1\" height=\"1\" border=\"0\" alt=\"\" style=\"border:none !important; margin:0px !important;\" \/>. Also w\u00e4re das DANN doch der richtige Zeitpunkt, oder?<\/p>\n<p>Was lese ich im Augenblick? Es ist zum zweiten Male <a href=\"https:\/\/de.wikipedia.org\/wiki\/Juli_Zeh\" rel=\"noopener noreferrer\" target=\"_blank\">Juli Zeh<\/a>s <a target=\"_blank\" href=\"https:\/\/www.amazon.de\/gp\/product\/3442733693\/ref=as_li_tl?ie=UTF8&#038;camp=1638&#038;creative=6742&#038;creativeASIN=3442733693&#038;linkCode=as2&#038;tag=familiealbin-21&#038;linkId=836a939524a17cb832c4cc1472d86adf\" rel=\"noopener noreferrer\"><strong>Spieltrieb<\/strong><\/a><img loading=\"lazy\" src=\"\/\/ir-de.amazon-adsystem.com\/e\/ir?t=familiealbin-21&#038;l=am2&#038;o=3&#038;a=3442733693\" width=\"1\" height=\"1\" border=\"0\" alt=\"\" style=\"border:none !important; margin:0px !important;\" \/> aus 2004 (Anlass zum erneuten Lesen war f\u00fcr mich <a href=\"https:\/\/willizblog.de\/?p=10814\" rel=\"noopener noreferrer\" target=\"_blank\">die Verfilmung<\/a> ihres Romans <a target=\"_blank\" href=\"https:\/\/www.amazon.de\/gp\/product\/3442715733\/ref=as_li_tl?ie=UTF8&#038;camp=1638&#038;creative=6742&#038;creativeASIN=3442715733&#038;linkCode=as2&#038;tag=familiealbin-21&#038;linkId=18dd19dac2b9924a81741089a12d76e5\" rel=\"noopener noreferrer\"><strong>Unterleuten<\/strong><\/a><img loading=\"lazy\" src=\"\/\/ir-de.amazon-adsystem.com\/e\/ir?t=familiealbin-21&#038;l=am2&#038;o=3&#038;a=3442715733\" width=\"1\" height=\"1\" border=\"0\" alt=\"\" style=\"border:none !important; margin:0px !important;\" \/>). Zum &#8218;Spieltrieb&#8216; in den n\u00e4chsten Tagen etwas mehr &#8230;<\/p>\n<p>Was lest Ihr eigentlich so &#8230; in Zeiten des Coronavirus? Sich mit einem guten Buch in den n\u00e4chsten Park zu setzen, ist durchaus erlaubt (und wer einen Garten oder Balkon hat, kann es dort sogar v\u00f6llig ungest\u00f6rt tun). <strong>Bleibt gesund und geruhsames Lesen!<\/strong> Es braucht dazu nicht eines Welttages des Buches, oder?!<\/p>\n","protected":false},"excerpt":{"rendered":"<p>Es ist eine sch\u00f6ne Sitte (oder fast schon Unsitte), Tagen eine gewisse Bedeutung zu geben. Heute ist also der Welttag des Buches. So wird dem Buch als solches gehuldigt. Ich w\u00e4re der Letzte, der etwas dagegen h\u00e4tte. 23. April: Welttag des Buches Wenn man wie ich von der schn\u00f6den Arbeit entbunden ist, also \u00fcber freie &hellip; <a href=\"https:\/\/willizblog.de\/?p=10886\" class=\"more-link\"><span class=\"screen-reader-text\">Welttag des Buches &#8211; Willi liest<\/span> weiterlesen <span class=\"meta-nav\">&rarr;<\/span><\/a><\/p>\n","protected":false},"author":1,"featured_media":0,"comment_status":"open","ping_status":"open","sticky":false,"template":"","format":"standard","meta":[],"categories":[3],"tags":[],"_links":{"self":[{"href":"https:\/\/willizblog.de\/index.php?rest_route=\/wp\/v2\/posts\/10886"}],"collection":[{"href":"https:\/\/willizblog.de\/index.php?rest_route=\/wp\/v2\/posts"}],"about":[{"href":"https:\/\/willizblog.de\/index.php?rest_route=\/wp\/v2\/types\/post"}],"author":[{"embeddable":true,"href":"https:\/\/willizblog.de\/index.php?rest_route=\/wp\/v2\/users\/1"}],"replies":[{"embeddable":true,"href":"https:\/\/willizblog.de\/index.php?rest_route=%2Fwp%2Fv2%2Fcomments&post=10886"}],"version-history":[{"count":0,"href":"https:\/\/willizblog.de\/index.php?rest_route=\/wp\/v2\/posts\/10886\/revisions"}],"wp:attachment":[{"href":"https:\/\/willizblog.de\/index.php?rest_route=%2Fwp%2Fv2%2Fmedia&parent=10886"}],"wp:term":[{"taxonomy":"category","embeddable":true,"href":"https:\/\/willizblog.de\/index.php?rest_route=%2Fwp%2Fv2%2Fcategories&post=10886"},{"taxonomy":"post_tag","embeddable":true,"href":"https:\/\/willizblog.de\/index.php?rest_route=%2Fwp%2Fv2%2Ftags&post=10886"}],"curies":[{"name":"wp","href":"https:\/\/api.w.org\/{rel}","templated":true}]}}