{"id":1089,"date":"2008-01-31T00:05:29","date_gmt":"2008-01-30T22:05:29","guid":{"rendered":"http:\/\/www.albinz.de\/blog\/?p=1089"},"modified":"2008-01-29T14:38:04","modified_gmt":"2008-01-29T12:38:04","slug":"60-jahre-comics-made-in-germany","status":"publish","type":"post","link":"https:\/\/willizblog.de\/?p=1089","title":{"rendered":"60 Jahre Comics made in Germany"},"content":{"rendered":"<p>Es ist lange her. Es war wohl Anfang der 60-er Jahre, ich war keine 10 Jahre alt, da lebte ich mit Eltern und Geschwistern im Stadtteil Gr\u00f6pelingen von Bremen. Ich ging im Halmerweg zur Grundschule, der damals ersten 5-Tage-Woche-Schule in Bremen. \u00dcberhaupt wurde an der Schule reichlich experimentiert. Die Ergebnisse waren wohl positiv, wenn es auch noch Jahre dauern sollte, bis sich die 5-Tage-Woche auch an den anderen Schulen durchsetzte. Immerhin musste ich in sp\u00e4teren Jahren auch noch am Samstag wieder die Schulbank dr\u00fccken.<\/p>\n<p>Dort in Gr\u00f6pelingen in der Stra\u00dfe namens Schwarzer Weg, Ecke Gr\u00f6pelinger Heerstra\u00dfe, gab es einen Schreibwaren- und Zeitschriftenladen, den ich ab und zu besuchte. Denn hier kaufte ich mir vor etwa 45 Jahren meine Comics zum Lesen.<\/p>\n<p><iframe loading=\"lazy\" width=\"640\" height=\"480\" frameborder=\"0\" scrolling=\"no\" marginheight=\"0\" marginwidth=\"0\" src=\"https:\/\/maps.google.de\/maps?f=q&amp;hl=de&amp;geocode=&amp;q=schwarzer+weg,+Bremen&amp;sll=53.124397,8.752027&amp;sspn=0.007095,0.017209&amp;ie=UTF8&amp;t=h&amp;om=0&amp;s=AARTsJr5J1ZgFZ81ztskI18inTZkuacpWQ&amp;ll=53.122258,8.752474&amp;spn=0.000773,0.001717&amp;z=19&amp;output=embed\"><\/iframe><br \/><small><a href=\"https:\/\/maps.google.de\/maps?f=q&amp;hl=de&amp;geocode=&amp;q=schwarzer+weg,+Bremen&amp;sll=53.124397,8.752027&amp;sspn=0.007095,0.017209&amp;ie=UTF8&amp;t=h&amp;om=0&amp;ll=53.122258,8.752474&amp;spn=0.000773,0.001717&amp;z=19&amp;source=embed\" style=\"color:#0000FF;text-align:left\">Gr\u00f6\u00dfere Kartenansicht<\/a><\/small><\/p>\n<p>Ich erinnere mich an Heftchen von Fix und Foxi, Lupo und f\u00fcr 20 Pfennige die Abenteuer von Falk, dem Ritter, Tibor, Sohn des Dschungels, und Nick, dem Weltraumfahrer. In dem Laden konnte man auch Hefte tauschen. F\u00fcr zwei Hefte bekam man ein neues.<\/p>\n<p>Die genannten Comicfiguren sind <em>made in Germany<\/em>. Nichts mit Micky Maus, Donald Duck und Goofy. Leider m\u00fcssen all meine Hefte bei einen der weiteren zahlreichen Umz\u00fcge in meinem Leben abhanden gekommen sein (1965 zogen wir in die Neustadt von Bremen). Aus heutiger Sicht habe ich da sicherlich unbezahlbare Sch\u00e4tze weggeworfen. Wer wei\u00df &#8230;<\/p>\n<table border=\"0\" cellspacing=\"0\" width=\"100%\" cellpadding=\"5\">\n<tr>\n<td width=\"50%\">\n<p align=\"center\"><img loading=\"lazy\" border=\"0\" src=\"https:\/\/www.willizblog.de\/blogpicts\/fix_und_foxi.jpg\" width=\"239\" height=\"280\" alt=\"Fix und Foxi\"><\/td>\n<td width=\"50%\">\n<p align=\"center\"><img loading=\"lazy\" border=\"0\" src=\"https:\/\/www.willizblog.de\/blogpicts\/lupo.jpg\" width=\"235\" height=\"280\" alt=\"Lupo\"><\/td>\n<\/tr>\n<tr>\n<td width=\"50%\">\n<p align=\"center\"><font face=\"Lucida Grande, Lucida Sans Unicode, Verdana, sans-serif\" size=\"2\">Fix und Foxi<\/font><\/td>\n<td width=\"50%\">\n<p align=\"center\"><font face=\"Lucida Grande, Lucida Sans Unicode, Verdana, sans-serif\" size=\"2\">Lupo<\/font><\/td>\n<\/tr>\n<tr>\n<td width=\"100%\" colspan=\"2\">\n<p align=\"center\"><img loading=\"lazy\" border=\"0\" src=\"https:\/\/www.willizblog.de\/blogpicts\/falk.jpg\" width=\"400\" height=\"169\" alt=\"Falk, der Ritter\"><\/td>\n<\/tr>\n<tr>\n<td width=\"100%\" colspan=\"2\">\n<p align=\"center\"><font face=\"Lucida Grande, Lucida Sans Unicode, Verdana, sans-serif\" size=\"2\">Falk, der Ritter<\/font><\/td>\n<\/tr>\n<\/table>\n<p>Nun in diesem Jahr j\u00e4hrt sich das Aufkommen der ersten Comics in Deutschland zum 60. Mal. Und das ist nat\u00fcrlich Anlass zu einer Ausstellung: <a href=\"http:\/\/www.hr-online.de\/website\/rubriken\/kultur\/index.jsp?rubrik=5986&#038;key=standard_document_33717786&#038;seite=1\" target=\"_blank\">Comics made in Germany &#8211; 60 Jahre Comics aus Deutschland<\/a>, die in der <a href=\"http:\/\/www.d-nb.de\/index.htm\" target=\"_blank\">Deutschen Nationalbibliothek in Frankfurt<\/a>, Adickesallee 1 vom 24. Januar bis 24. Mai 2008 stattfindet (Er\u00f6ffnung am 23. Januar um 18 Uhr).<\/p>\n<p>\u00d6ffnungszeiten: Montag bis Donnerstag von 10 bis 20 Uhr, Freitag von 10 bis 18 Uhr,  Samstag von 10 bis 17 Uhr, an Sonn- und Feiertagen geschlossen<\/p>\n","protected":false},"excerpt":{"rendered":"<p>Es ist lange her. Es war wohl Anfang der 60-er Jahre, ich war keine 10 Jahre alt, da lebte ich mit Eltern und Geschwistern im Stadtteil Gr\u00f6pelingen von Bremen. Ich ging im Halmerweg zur Grundschule, der damals ersten 5-Tage-Woche-Schule in Bremen. \u00dcberhaupt wurde an der Schule reichlich experimentiert. Die Ergebnisse waren wohl positiv, wenn es &hellip; <a href=\"https:\/\/willizblog.de\/?p=1089\" class=\"more-link\"><span class=\"screen-reader-text\">60 Jahre Comics made in Germany<\/span> weiterlesen <span class=\"meta-nav\">&rarr;<\/span><\/a><\/p>\n","protected":false},"author":1,"featured_media":0,"comment_status":"open","ping_status":"closed","sticky":false,"template":"","format":"standard","meta":[],"categories":[6,3],"tags":[],"_links":{"self":[{"href":"https:\/\/willizblog.de\/index.php?rest_route=\/wp\/v2\/posts\/1089"}],"collection":[{"href":"https:\/\/willizblog.de\/index.php?rest_route=\/wp\/v2\/posts"}],"about":[{"href":"https:\/\/willizblog.de\/index.php?rest_route=\/wp\/v2\/types\/post"}],"author":[{"embeddable":true,"href":"https:\/\/willizblog.de\/index.php?rest_route=\/wp\/v2\/users\/1"}],"replies":[{"embeddable":true,"href":"https:\/\/willizblog.de\/index.php?rest_route=%2Fwp%2Fv2%2Fcomments&post=1089"}],"version-history":[{"count":0,"href":"https:\/\/willizblog.de\/index.php?rest_route=\/wp\/v2\/posts\/1089\/revisions"}],"wp:attachment":[{"href":"https:\/\/willizblog.de\/index.php?rest_route=%2Fwp%2Fv2%2Fmedia&parent=1089"}],"wp:term":[{"taxonomy":"category","embeddable":true,"href":"https:\/\/willizblog.de\/index.php?rest_route=%2Fwp%2Fv2%2Fcategories&post=1089"},{"taxonomy":"post_tag","embeddable":true,"href":"https:\/\/willizblog.de\/index.php?rest_route=%2Fwp%2Fv2%2Ftags&post=1089"}],"curies":[{"name":"wp","href":"https:\/\/api.w.org\/{rel}","templated":true}]}}