{"id":10890,"date":"2020-04-29T09:54:51","date_gmt":"2020-04-29T09:54:51","guid":{"rendered":"https:\/\/willizblog.de\/?p=10890"},"modified":"2020-04-29T10:00:12","modified_gmt":"2020-04-29T10:00:12","slug":"maske-in-schwarz","status":"publish","type":"post","link":"https:\/\/willizblog.de\/?p=10890","title":{"rendered":"Maske in Schwarz"},"content":{"rendered":"<p>Frei nach der Operette <a href=\"https:\/\/de.wikipedia.org\/wiki\/Maske_in_Blau_(Operette)\" rel=\"noopener noreferrer\" target=\"_blank\">Maske in Blau<\/a> kommen wir in diesen Tagen der Maskenpflicht im Nahverkehr und besonders in den Gesch\u00e4ften (gilt auch f\u00fcr Wochenm\u00e4rkte) nach. Ohne Gesichtsmaske kein Einlass.<\/p>\n<p><img src=\"https:\/\/www.willizblog.de\/pics\/tostedt2020_maske_einkauf.jpg\" alt=\"Einkauf nur mit Gesichtsmaske: Maske in Schwarz\" title=\"Einkauf nur mit Gesichtsmaske: Maske in Schwarz\" \/><br \/>\nEinkauf nur mit Gesichtsmaske: Maske in Schwarz<\/p>\n<p>Besonders gl\u00fccklich bin ich noch nicht mit meiner Maske, denn als Brillentr\u00e4ger habe ich so meine Probleme: die Brille beschl\u00e4gt durch meinen Atem, auch reine Nasenatmung n\u00fctzt nicht viel. Andere bekommen sogar Atemnot. Meine Frau und ich haben Gesichtsmasken von meinem Sohn, der in Mannheim studiert, bekommen, die wohl um einiges besser sind (&#8230; und meinen anderen Sohn traf ich beim Einkaufen &#8211; mit einer Maske in Schwarz). Und da auch T\u00fccher als Masken gelten, werde ich beim n\u00e4chsten Einkauf vielleicht ein solches benutzen.<\/p>\n<p><strong>Bleibt gesund, wir bleiben am Ball!<\/strong><\/p>\n","protected":false},"excerpt":{"rendered":"<p>Frei nach der Operette Maske in Blau kommen wir in diesen Tagen der Maskenpflicht im Nahverkehr und besonders in den Gesch\u00e4ften (gilt auch f\u00fcr Wochenm\u00e4rkte) nach. Ohne Gesichtsmaske kein Einlass. Einkauf nur mit Gesichtsmaske: Maske in Schwarz Besonders gl\u00fccklich bin ich noch nicht mit meiner Maske, denn als Brillentr\u00e4ger habe ich so meine Probleme: die &hellip; <a href=\"https:\/\/willizblog.de\/?p=10890\" class=\"more-link\"><span class=\"screen-reader-text\">Maske in Schwarz<\/span> weiterlesen <span class=\"meta-nav\">&rarr;<\/span><\/a><\/p>\n","protected":false},"author":1,"featured_media":0,"comment_status":"open","ping_status":"open","sticky":false,"template":"","format":"standard","meta":[],"categories":[11,20],"tags":[475,470,472,474,473],"_links":{"self":[{"href":"https:\/\/willizblog.de\/index.php?rest_route=\/wp\/v2\/posts\/10890"}],"collection":[{"href":"https:\/\/willizblog.de\/index.php?rest_route=\/wp\/v2\/posts"}],"about":[{"href":"https:\/\/willizblog.de\/index.php?rest_route=\/wp\/v2\/types\/post"}],"author":[{"embeddable":true,"href":"https:\/\/willizblog.de\/index.php?rest_route=\/wp\/v2\/users\/1"}],"replies":[{"embeddable":true,"href":"https:\/\/willizblog.de\/index.php?rest_route=%2Fwp%2Fv2%2Fcomments&post=10890"}],"version-history":[{"count":0,"href":"https:\/\/willizblog.de\/index.php?rest_route=\/wp\/v2\/posts\/10890\/revisions"}],"wp:attachment":[{"href":"https:\/\/willizblog.de\/index.php?rest_route=%2Fwp%2Fv2%2Fmedia&parent=10890"}],"wp:term":[{"taxonomy":"category","embeddable":true,"href":"https:\/\/willizblog.de\/index.php?rest_route=%2Fwp%2Fv2%2Fcategories&post=10890"},{"taxonomy":"post_tag","embeddable":true,"href":"https:\/\/willizblog.de\/index.php?rest_route=%2Fwp%2Fv2%2Ftags&post=10890"}],"curies":[{"name":"wp","href":"https:\/\/api.w.org\/{rel}","templated":true}]}}