{"id":10892,"date":"2020-04-30T00:21:29","date_gmt":"2020-04-30T00:21:29","guid":{"rendered":"https:\/\/willizblog.de\/?p=10892"},"modified":"2020-04-29T10:26:45","modified_gmt":"2020-04-29T10:26:45","slug":"bauplanung-am-bahnhof-9-9a-in-tostedt-11-der-betonklotz-von-tostedt","status":"publish","type":"post","link":"https:\/\/willizblog.de\/?p=10892","title":{"rendered":"Bauplanung \u201aAm Bahnhof 9\/9a\u2018 in Tostedt (11): &#8222;Der Betonklotz von Tostedt&#8220;"},"content":{"rendered":"<p>Der Ausdruck &#8218;Betonklotz von Tostedt&#8216;, der sich auf den aus vier H\u00e4usern bestehenen <a href=\"https:\/\/willizblog.de\/?s=%22am+bahnhof+9%22\" rel=\"noopener noreferrer\" target=\"_blank\">Wohnblock \u201aAm Bahnhof 9\/9a\u2018 in Tostedt<\/a> bezieht, stammt nicht von mir. \u00d6fter bin ich oder ist meine Frau auf den Neubau angesprochen worden und immer stand dabei die Volumin\u00f6sit\u00e4t (um es einmal so auszudr\u00fccken) des Baues im Mittelpunkt. &#8222;Da haben die sich aber was Tolles ausgedacht! Und das mitten in Tostedt!&#8220; &#8211; &#8222;Eine Nummer kleiner ging es wohl nicht!&#8220; Selbst unser Gemeindeb\u00fcrgermeister, <a href=\"https:\/\/www.tostedt.de\/portal\/meldungen\/gerhard-netzel-spd-erneut-zum-buergermeister-der-gemeinde-tostedt-gewaehlt-912002038-20240.html\" rel=\"noopener noreferrer\" target=\"_blank\">Gerhard Netzel<\/a>, zeigte sich anhand der Gr\u00f6\u00dfe etwas irritiert, wie er es in seiner <a href=\"https:\/\/willizblog.de\/?p=10747\" rel=\"noopener noreferrer\" target=\"_blank\">Ansprache anl\u00e4\u00dflich des weihnachtlichen Richtfestes<\/a> \u00e4u\u00dferte.<\/p>\n<p><img src=\"https:\/\/www.willizblog.de\/pics\/tostedt2020_am_bahnhof_betonklotz.jpg\" alt=\"Neubau \u201aAm Bahnhof 9\/9a\u2018 in Tostedt - 'Der Betonklotz von Tostedt'\" title=\"Neubau \u201aAm Bahnhof 9\/9a\u2018 in Tostedt - 'Der Betonklotz von Tostedt'\" \/><br \/>\nNeubau \u201aAm Bahnhof 9\/9a\u2018 in Tostedt &#8211; &#8218;Der Betonklotz von Tostedt&#8216;<\/p>\n<p>Ich will mich hier nicht hinter den Aussagen anderer verstecken. Vom Tenor her k\u00f6nnten die Spr\u00fcche n\u00e4mlich auch von mir sein. So frage ich mich, was solche als Stadth\u00e4user deklarierten Bauten in einem kleinen Ort wie Tostedt zu suchen haben. Klar, mir ist bewusst, dass das &#8218;der neue Baustil&#8216; ist, der inzwischen \u00fcberall zu finden ist, so auch in Tostedt (und eines Tages vielleicht als die Baus\u00fcnde der 2020-er Jahre abgetan wird). Und es ist ein Baustil, der schwammige Bauvorschriften &#8218;hintergeht&#8216;, indem eine nach dem Bebauungsplan zul\u00e4ssige Bebauung mit maximal 2 bzw. 3 Vollgeschossen um ein Stapelstockwerk erweitert wird. Wenn dann dar\u00fcber noch Aufbauten f\u00fcr die Fahrstuhlsch\u00e4chte und die &#8218;raumlufttechnischen Anlagen&#8216; errichtet werden, so kommen wir bei drei Vollstockwerken optisch schon auf f\u00fcnf Stockwerke. \u00dcbrigens: Die Umgebung wird \u00fcberwiegend durch ein- bis zweigeschossige Wohn- und Mischnutzungen gepr\u00e4gt, wie es auch die Bauherren &#8218;anerkennen&#8216;.<\/p>\n<p>Apropos Stadth\u00e4user: Ich finde es schon ziemlich interessant, wenn in der Begr\u00fcndung zur Bebauungsplan\u00e4nderung, die am Ende vom <a href=\"https:\/\/www.tostedt.de\/portal\/seiten\/buergermeister-gemeindedirektor-12000061-20240.html\" rel=\"noopener noreferrer\" target=\"_blank\">Gemeindedirektor<\/a> unterzeichnet wurde, von innenstadtnahen Fl\u00e4chen (&#8222;&#8230; [um] die innenstadtnahen Fl\u00e4chen m\u00f6glichst vielen Menschen f\u00fcr Wohnzwecke zur Verf\u00fcgung stellen zu k\u00f6nnen&#8220;) und &#8222;Wohnquartieren mit hohen Gr\u00fcnanteilen&#8220; die Rede ist. Hier wird vieles sch\u00f6ngeredet (die Innenstadtn\u00e4he w\u00fcrde ich gelinde gesagt als relativ ansehen, wobei statt Innenstadt der Begriff Ortsmitte f\u00fcr Tostedt eher zutrifft &#8211; und zum angeblich hohen Gr\u00fcnanteil haben die Anrainer einiges betragen k\u00f6nnen, indem sie Politik und Verwaltung schon fr\u00fch auf die anfangs noch gr\u00f6\u00dferen Ausma\u00dfe des Bauvorhabens hinwiesen).<\/p>\n<p>Im November 2018 gab es Baggerarbeiten und seit April 2019 ist das Grundst\u00fcck mit den vier entstehenden Neubauten eine andauernde Baustelle. Morgens von Montag bis Freitag geht kurz nach 6 Uhr 30 (im Winter ab 7 Uhr) der Baul\u00e4rm in unmittelbarer N\u00e4he zu uns los und dauert mit kurzen Pausen bis gegen 16 Uhr. Gerade jetzt in Coronazeiten, wenn wir zu Hause verbleiben sollen, das Wetter sich von der freundlichen Seite zeigt und wir gern drau\u00dfen auf unserer Terrasse sitzen m\u00f6chten, kann das nat\u00fcrlich ganz sch\u00f6n &#8218;auf den Geist&#8216; gehen. Hoffen wir auf ein baldiges Ende (das f\u00fcr uns aber noch nicht absehbar ist).<\/p>\n<p>Was einst als <a href=\"https:\/\/willizblog.de\/?s=schandfleck\" rel=\"noopener noreferrer\" target=\"_blank\">Schandfleck Tostedts<\/a> bezeichnet wurde, mausert sich zu einem &#8218;Wohnquartier&#8216;, das sicherlich neuen Wohnraum schafft (der allerdings nicht der billigste sein wird, denn Spekulanten wollen hohe Renditen), daf\u00fcr aber das Ortsbild einer immer noch kleinen Gemeinde nachhaltig ver\u00e4ndert.<\/p>\n","protected":false},"excerpt":{"rendered":"<p>Der Ausdruck &#8218;Betonklotz von Tostedt&#8216;, der sich auf den aus vier H\u00e4usern bestehenen Wohnblock \u201aAm Bahnhof 9\/9a\u2018 in Tostedt bezieht, stammt nicht von mir. \u00d6fter bin ich oder ist meine Frau auf den Neubau angesprochen worden und immer stand dabei die Volumin\u00f6sit\u00e4t (um es einmal so auszudr\u00fccken) des Baues im Mittelpunkt. &#8222;Da haben die sich &hellip; <a href=\"https:\/\/willizblog.de\/?p=10892\" class=\"more-link\"><span class=\"screen-reader-text\">Bauplanung \u201aAm Bahnhof 9\/9a\u2018 in Tostedt (11): &#8222;Der Betonklotz von Tostedt&#8220;<\/span> weiterlesen <span class=\"meta-nav\">&rarr;<\/span><\/a><\/p>\n","protected":false},"author":1,"featured_media":0,"comment_status":"open","ping_status":"open","sticky":false,"template":"","format":"standard","meta":[],"categories":[11],"tags":[476,446],"_links":{"self":[{"href":"https:\/\/willizblog.de\/index.php?rest_route=\/wp\/v2\/posts\/10892"}],"collection":[{"href":"https:\/\/willizblog.de\/index.php?rest_route=\/wp\/v2\/posts"}],"about":[{"href":"https:\/\/willizblog.de\/index.php?rest_route=\/wp\/v2\/types\/post"}],"author":[{"embeddable":true,"href":"https:\/\/willizblog.de\/index.php?rest_route=\/wp\/v2\/users\/1"}],"replies":[{"embeddable":true,"href":"https:\/\/willizblog.de\/index.php?rest_route=%2Fwp%2Fv2%2Fcomments&post=10892"}],"version-history":[{"count":0,"href":"https:\/\/willizblog.de\/index.php?rest_route=\/wp\/v2\/posts\/10892\/revisions"}],"wp:attachment":[{"href":"https:\/\/willizblog.de\/index.php?rest_route=%2Fwp%2Fv2%2Fmedia&parent=10892"}],"wp:term":[{"taxonomy":"category","embeddable":true,"href":"https:\/\/willizblog.de\/index.php?rest_route=%2Fwp%2Fv2%2Fcategories&post=10892"},{"taxonomy":"post_tag","embeddable":true,"href":"https:\/\/willizblog.de\/index.php?rest_route=%2Fwp%2Fv2%2Ftags&post=10892"}],"curies":[{"name":"wp","href":"https:\/\/api.w.org\/{rel}","templated":true}]}}