{"id":10895,"date":"2020-05-05T18:28:33","date_gmt":"2020-05-05T18:28:33","guid":{"rendered":"https:\/\/willizblog.de\/?p=10895"},"modified":"2020-05-05T18:29:29","modified_gmt":"2020-05-05T18:29:29","slug":"willi-der-berliner-und-die-mauer","status":"publish","type":"post","link":"https:\/\/willizblog.de\/?p=10895","title":{"rendered":"Willi, der Berliner, und die &#8218;Mauer&#8216;"},"content":{"rendered":"<p>Wenn wir jetzt in Coronazeiten etwas mehr Zeit haben (als Rentner habe ich bekanntlich eigentlich keine Zeit!), dann ist eine sinnvolle Nutzung dieser Zeit zweckm\u00e4\u00dfig. K\u00f6nnte ich so sagen &#8230; Mehr oder wenige alte Fotos zu sichten, ist eine dieser T\u00e4tigkeiten. Und bei (fast) allen dieser Fotos gibt es im Hintergrund eine kleine &#8218;Geschichte&#8216;.<\/p>\n<p>Am 26. Juni 1963 hielt der damalige US-Pr\u00e4sident <a href=\"https:\/\/de.wikipedia.org\/wiki\/John_F._Kennedy\" rel=\"noopener noreferrer\" target=\"_blank\">John F. Kennedy<\/a> seine ber\u00fchmte Rede <a href=\"https:\/\/de.wikipedia.org\/wiki\/Ich_bin_ein_Berliner\" rel=\"noopener noreferrer\" target=\"_blank\">&#8222;Ich bin ein Berliner!&#8220;<\/a> vor dem Rathaus Sch\u00f6neberg in Berlin. Nat\u00fcrlich war er kein geb\u00fcrtiger Berliner und meinte das im \u00fcbertragenen Sinne: \u201cTwo thousand years ago the proudest boast was \u2018Civis romanus sum\u2019. Today, in the world of freedom, the proudest boast is \u2018Ich bin ein Berliner\u2019.\u201d &#8211; \u201eVor zweitausend Jahren war der stolzeste Satz \u201aIch bin ein B\u00fcrger Roms\u2018. Heute, in der Welt der Freiheit, ist der stolzeste Satz \u201aIch bin ein Berliner\u2018.\u201c<\/p>\n<ul><img src=\"https:\/\/www.albinz.net\/kopfstand.art\/images\/kopfst13.jpg\" alt=\"John F. Kennedy: 'Ich bin ein Berliner'\" title=\"John F. Kennedy: 'Ich bin ein Berliner'\" \/><br \/>\nJohn F. Kennedy: &#8222;Ich bin ein Berliner&#8220;<\/ul>\n<p>Nat\u00fcrlich konnte Kennedy kein Deutsch. So wurde das bekannte Zitat in eine englische Aussprache \u00fcbertragen, die er sich handschriftlich festhielt: &#8222;Ish bin ein Bearleener&#8220; (siehe auch meinen Beitrag <a href=\"https:\/\/willizblog.de\/?p=964\" rel=\"noopener noreferrer\" target=\"_blank\">Kennedy-Mord: eine Verschw\u00f6rung Teil 2<\/a>). <\/p>\n<p><iframe loading=\"lazy\" width=\"560\" height=\"315\" src=\"https:\/\/www.youtube.com\/embed\/oKiOLqhvN1g\" frameborder=\"0\" allow=\"accelerometer; autoplay; encrypted-media; gyroscope; picture-in-picture\" allowfullscreen><\/iframe><br \/>\nJohn F. Kennedys Rede vor dem Rathaus Sch\u00f6neberg\/Berlin: &#8222;Ich bin ein Berliner&#8220;<\/p>\n<p>Nun ist nicht nur Kennedy ein &#8218;Berliner&#8216;, sondern auch ich. Im wahrsten Sinne! Ich bin in Berlin im sch\u00f6nen Sch\u00f6neberg geboren. Wenn es das auch schon fast war, was mich und Berlin betrifft. Denn noch als Kleinkind zog ich mit meiner Familie aus Berlin an den Nordrand des Schwarzwaldes.<\/p>\n<p>Von dem Bau der <a href=\"https:\/\/de.wikipedia.org\/wiki\/Berliner_Mauer\" rel=\"noopener noreferrer\" target=\"_blank\">Berliner Mauer<\/a> habe ich vor Ort also nichts mitbekommen. Und von Kennedys Rede dann wie vom Mauerbau erst als Sch\u00fcler der Grundschule in Bremen. So bekam ich auch erst sp\u00e4t die Mauer auf Klassenfahrten zu Gesicht. Zuletzt <a href=\"https:\/\/www.albinz.net\/berlin.html\" rel=\"noopener noreferrer\" target=\"_blank\">war ich im Juli 2001 in Berlin<\/a>. Da war die Mauer l\u00e4ngst gefallen und nur noch Reste zu besichtigen.<\/p>\n<p><img loading=\"lazy\" border=\"0\" src=\"https:\/\/www.albinz.net\/models\/berlin04_mauer.jpg\" width=\"560\" height=\"420\" alt=\"Reste der Berliner Mauer\" title=\"Reste der Berliner Mauer\"><br \/>\nRest der Berliner Mauer<\/p>\n<p>Inzwischen ist die Berliner Mauer in viele Brocken zerschlagen und weltweit als zu Anschauungszwecken zu besichtigen. Ein Teilst\u00fcck ist z.B. in Hamburg zu sehen. In der neuen <a href=\"https:\/\/de.wikipedia.org\/wiki\/Hamburg-HafenCity\" rel=\"noopener noreferrer\" target=\"_blank\">Hafencity<\/a> findet man dieses auf dem Platz der Deutschen Einheit unweit der <a href=\"https:\/\/de.wikipedia.org\/wiki\/Elbphilharmonie\" rel=\"noopener noreferrer\" target=\"_blank\">Elbphilharmonie<\/a>. Als &#8218;alter Berliner&#8216; durfte ich mich vor diesem  unr\u00fchmlichen Teil der deutschen Geschichte abbilden lassen.<\/p>\n<p><img src=\"https:\/\/www.willizblog.de\/pics\/hamburg2018_willi_mauer.jpg\" alt=\"Teil der 'Berliner Mauer': Platz der Deutschen Einheit, Hamburg - Oktober 2018\" title=\"Teil der 'Berliner Mauer': Platz der Deutschen Einheit, Hamburg - Oktober 2018\" \/><br \/>\nTeil der &#8218;Berliner Mauer&#8216;: Platz der Deutschen Einheit, Hamburg &#8211; Oktober 2018<\/p>\n<p>Und ein Miniteilchen der Mauer liegt bei uns im Wohnzimmer im B\u00fccherregal. Irgendwann m\u00fcssen wir das St\u00fcck k\u00e4uflich erworben haben. Es ist gewisserma\u00dfen auch ein Teil von mir &#8230;.:<\/p>\n<ul><img src=\"https:\/\/www.willizblog.de\/pics\/berliner_mauer_bruchstueck.jpg\" alt=\"... die mauer - the wall - le mur ... 13.08.1961 - 09.11.1989\" title=\"... die mauer - the wall - le mur ... 13.08.1961 - 09.11.1989\" \/><br \/>\n&#8230; die mauer &#8211; the wall &#8211; le mur &#8230; 13.08.1961 &#8211; 09.11.1989<\/ul>\n<p><em>Fotos haben ihre eigenen Geschichten!<\/em><\/p>\n","protected":false},"excerpt":{"rendered":"<p>Wenn wir jetzt in Coronazeiten etwas mehr Zeit haben (als Rentner habe ich bekanntlich eigentlich keine Zeit!), dann ist eine sinnvolle Nutzung dieser Zeit zweckm\u00e4\u00dfig. K\u00f6nnte ich so sagen &#8230; Mehr oder wenige alte Fotos zu sichten, ist eine dieser T\u00e4tigkeiten. Und bei (fast) allen dieser Fotos gibt es im Hintergrund eine kleine &#8218;Geschichte&#8216;. Am &hellip; <a href=\"https:\/\/willizblog.de\/?p=10895\" class=\"more-link\"><span class=\"screen-reader-text\">Willi, der Berliner, und die &#8218;Mauer&#8216;<\/span> weiterlesen <span class=\"meta-nav\">&rarr;<\/span><\/a><\/p>\n","protected":false},"author":1,"featured_media":0,"comment_status":"open","ping_status":"open","sticky":false,"template":"","format":"standard","meta":[],"categories":[2],"tags":[],"_links":{"self":[{"href":"https:\/\/willizblog.de\/index.php?rest_route=\/wp\/v2\/posts\/10895"}],"collection":[{"href":"https:\/\/willizblog.de\/index.php?rest_route=\/wp\/v2\/posts"}],"about":[{"href":"https:\/\/willizblog.de\/index.php?rest_route=\/wp\/v2\/types\/post"}],"author":[{"embeddable":true,"href":"https:\/\/willizblog.de\/index.php?rest_route=\/wp\/v2\/users\/1"}],"replies":[{"embeddable":true,"href":"https:\/\/willizblog.de\/index.php?rest_route=%2Fwp%2Fv2%2Fcomments&post=10895"}],"version-history":[{"count":0,"href":"https:\/\/willizblog.de\/index.php?rest_route=\/wp\/v2\/posts\/10895\/revisions"}],"wp:attachment":[{"href":"https:\/\/willizblog.de\/index.php?rest_route=%2Fwp%2Fv2%2Fmedia&parent=10895"}],"wp:term":[{"taxonomy":"category","embeddable":true,"href":"https:\/\/willizblog.de\/index.php?rest_route=%2Fwp%2Fv2%2Fcategories&post=10895"},{"taxonomy":"post_tag","embeddable":true,"href":"https:\/\/willizblog.de\/index.php?rest_route=%2Fwp%2Fv2%2Ftags&post=10895"}],"curies":[{"name":"wp","href":"https:\/\/api.w.org\/{rel}","templated":true}]}}