{"id":10900,"date":"2020-05-08T09:24:33","date_gmt":"2020-05-08T09:24:33","guid":{"rendered":"https:\/\/willizblog.de\/?p=10900"},"modified":"2020-05-08T09:26:10","modified_gmt":"2020-05-08T09:26:10","slug":"willi-marx","status":"publish","type":"post","link":"https:\/\/willizblog.de\/?p=10900","title":{"rendered":"&#8218;Willi&#8216; Marx"},"content":{"rendered":"<p>Seit Montag haben die Friseure wieder ge\u00f6ffnet. Ich lasse mir noch etwas Zeit, aber in den n\u00e4chsten Tagen werde ich wohl mein Haupthaar endlich schneiden lassen. Mit der Bartpracht sieht es leider nicht so gut aus. Das Kinngew\u00e4chs muss ich mir wohl erst einmal selbst k\u00fcrzen. Sei es drum &#8230;<\/p>\n<ul><img src=\"https:\/\/www.willizblog.de\/pics\/willi_ala_marx.jpg\" alt=\"B\u00e4rtiger Marx-Willi (mit und ohne Brille)\" title=\"B\u00e4rtiger Marx-Willi (mit und ohne Brille)\" \/><br \/>\nB\u00e4rtiger Marx-Willi (mit und ohne Brille)<\/ul>\n<p>An <a href=\"https:\/\/de.wikipedia.org\/wiki\/Karl_Marx\" rel=\"noopener noreferrer\" target=\"_blank\">Marx&#8216;<\/a> Gesichtsbehaarung komme ich aber erst einmal noch nicht heran. Wenn die Marx&#8217;sche Stirn auch ziemlich hoch ist, so ist der Rest der reinste Wildwuchs. Immerhin stimmt die Farbe. Und wenn ich noch etwas warten w\u00fcrde, dann &#8230; Aber auch heute schon ist eine gewisse \u00c4hnlichkeit nicht zu leugnen, oder?<\/p>\n<p><img src=\"https:\/\/www.willizblog.de\/pics\/karl_willi_marx.jpg\" alt=\"Karl Marx wird zu 'Willi'\" title=\"Karl Marx wird zu 'Willi'\" \/><br \/>\nKarl Marx wird zu &#8218;Willi&#8216;<\/p>\n<p>\u00dcbrigens: Vor wenigen Tagen (5. Mai) hatte Karl Marx Geburtstag. Es w\u00e4re sein 202. (1818 in Trier geboren). Der 5. Mai ist \u00fcbrigens Europa- und Hebammentag.<\/p>\n<p>Und da ich gerade bei Marx bin: <a href=\"https:\/\/de.wikipedia.org\/wiki\/Gerhard_Henschel\" rel=\"noopener noreferrer\" target=\"_blank\">Gerhard_Henschel<\/a> schrieb in seinem <a target=\"_blank\" href=\"https:\/\/www.amazon.de\/gp\/product\/345500377X\/ref=as_li_tl?ie=UTF8&#038;camp=1638&#038;creative=6742&#038;creativeASIN=345500377X&#038;linkCode=as2&#038;tag=familiealbin-21&#038;linkId=bcf65f7e7502929071bfe7a92a842950\" rel=\"noopener noreferrer\">&#8218;Erfolgsroman&#8216;<\/a><img loading=\"lazy\" src=\"\/\/ir-de.amazon-adsystem.com\/e\/ir?t=familiealbin-21&#038;l=am2&#038;o=3&#038;a=345500377X\" width=\"1\" height=\"1\" border=\"0\" alt=\"\" style=\"border:none !important; margin:0px !important;\" \/>:<\/p>\n<p><em>&#8222;Man soll ja auch in seiner eigenen Bibliothek Entdeckungen machen k\u00f6nnen&#8220;, sagte sie und zog <a target=\"_blank\" href=\"https:\/\/www.amazon.de\/gp\/product\/3730606069\/ref=as_li_tl?ie=UTF8&#038;camp=1638&#038;creative=6742&#038;creativeASIN=3730606069&#038;linkCode=as2&#038;tag=familiealbin-21&#038;linkId=139c96b76d0284e52341b808d7fc451b\" rel=\"noopener noreferrer\">&#8218;Das Kapital&#8216;<\/a><img loading=\"lazy\" src=\"\/\/ir-de.amazon-adsystem.com\/e\/ir?t=familiealbin-21&#038;l=am2&#038;o=3&#038;a=3730606069\" width=\"1\" height=\"1\" border=\"0\" alt=\"\" style=\"border:none !important; margin:0px !important;\" \/> aus dem Regal.<br \/>\n&#8222;Hab ich auch mal zu lesen versucht. Sch\u00f6n und gut, aber irgendwie h\u00e4tte ich gedacht, es m\u00fc\u00dften mehr Indianer drin vorkommen &#8230;&#8220;<\/em><\/p>\n<p>Da hat jemand May mit Marx verwechselt, oder? &#8211; In diesem Sinne: <em>Indianer kennen keinen Schmerz und \u00fcberstehen auch die Coronakrise.<\/em> &#8211; <strong>Bleibt gesund!<\/strong><\/p>\n","protected":false},"excerpt":{"rendered":"<p>Seit Montag haben die Friseure wieder ge\u00f6ffnet. Ich lasse mir noch etwas Zeit, aber in den n\u00e4chsten Tagen werde ich wohl mein Haupthaar endlich schneiden lassen. Mit der Bartpracht sieht es leider nicht so gut aus. Das Kinngew\u00e4chs muss ich mir wohl erst einmal selbst k\u00fcrzen. Sei es drum &#8230; B\u00e4rtiger Marx-Willi (mit und ohne &hellip; <a href=\"https:\/\/willizblog.de\/?p=10900\" class=\"more-link\"><span class=\"screen-reader-text\">&#8218;Willi&#8216; Marx<\/span> weiterlesen <span class=\"meta-nav\">&rarr;<\/span><\/a><\/p>\n","protected":false},"author":1,"featured_media":0,"comment_status":"open","ping_status":"open","sticky":false,"template":"","format":"standard","meta":[],"categories":[30],"tags":[],"_links":{"self":[{"href":"https:\/\/willizblog.de\/index.php?rest_route=\/wp\/v2\/posts\/10900"}],"collection":[{"href":"https:\/\/willizblog.de\/index.php?rest_route=\/wp\/v2\/posts"}],"about":[{"href":"https:\/\/willizblog.de\/index.php?rest_route=\/wp\/v2\/types\/post"}],"author":[{"embeddable":true,"href":"https:\/\/willizblog.de\/index.php?rest_route=\/wp\/v2\/users\/1"}],"replies":[{"embeddable":true,"href":"https:\/\/willizblog.de\/index.php?rest_route=%2Fwp%2Fv2%2Fcomments&post=10900"}],"version-history":[{"count":0,"href":"https:\/\/willizblog.de\/index.php?rest_route=\/wp\/v2\/posts\/10900\/revisions"}],"wp:attachment":[{"href":"https:\/\/willizblog.de\/index.php?rest_route=%2Fwp%2Fv2%2Fmedia&parent=10900"}],"wp:term":[{"taxonomy":"category","embeddable":true,"href":"https:\/\/willizblog.de\/index.php?rest_route=%2Fwp%2Fv2%2Fcategories&post=10900"},{"taxonomy":"post_tag","embeddable":true,"href":"https:\/\/willizblog.de\/index.php?rest_route=%2Fwp%2Fv2%2Ftags&post=10900"}],"curies":[{"name":"wp","href":"https:\/\/api.w.org\/{rel}","templated":true}]}}