{"id":10904,"date":"2020-05-10T12:06:07","date_gmt":"2020-05-10T12:06:07","guid":{"rendered":"https:\/\/willizblog.de\/?p=10904"},"modified":"2020-05-10T12:06:07","modified_gmt":"2020-05-10T12:06:07","slug":"staendchen-fuer-muddern","status":"publish","type":"post","link":"https:\/\/willizblog.de\/?p=10904","title":{"rendered":"St\u00e4ndchen f\u00fcr Muddern"},"content":{"rendered":"<p><em>Ein St\u00e4ndchen in der Fr\u00fchlingsnacht<br \/>\nIst leicht gebracht.<br \/>\nNur ist es fraglich, ob\u2019s gelingt,<br \/>\nDa\u00df es zu R\u00f6schens Herzen dringt.<\/em><\/p>\n<p>Nein, nicht von <a href=\"https:\/\/willizblog.de\/?s=erhardt\" rel=\"noopener noreferrer\" target=\"_blank\">Heinz Erhardt<\/a>, von <a href=\"https:\/\/de.wikipedia.org\/wiki\/Wilhelm_Busch\" rel=\"noopener noreferrer\" target=\"_blank\">Wilhelm Busch<\/a> stammt dies kleine Gedichtchen. Wenn R\u00f6schen vielleicht auch (noch) keine Mutter ist (noch bem\u00fcht sich der Protagonist des Reims um R\u00f6schens Herz &#8211; und vielleicht mehr) &#8211; so soll dieser Vers als St\u00e4ndchen heute allen M\u00fcttern gewidmet sein.<\/p>\n<p><img src=\" https:\/\/www.willizblog.de\/albpics\/wilhelm_busch.png\" alt=\"Wilhelm Busch\" title=\"Wilhelm Busch\" \/><br \/>\n<a target=\"_blank\" href=\"https:\/\/www.amazon.de\/gp\/product\/3809436313\/ref=as_li_tl?ie=UTF8&#038;camp=1638&#038;creative=6742&#038;creativeASIN=3809436313&#038;linkCode=as2&#038;tag=familiealbin-21&#038;linkId=d0f9a4241f56ad31fb06a628b4f95344\" rel=\"noopener noreferrer\">Wilhelm Busch<\/a><img loading=\"lazy\" src=\"\/\/ir-de.amazon-adsystem.com\/e\/ir?t=familiealbin-21&#038;l=am2&#038;o=3&#038;a=3809436313\" width=\"1\" height=\"1\" border=\"0\" alt=\"\" style=\"border:none !important; margin:0px !important;\" \/><\/p>\n<p>\u00dcbrigens: <em>(Auch) in Afrika ist Muttertag!<\/em> Das ist ein etwas seltsamer Spruch aus alten Zeiten, der heute vielleicht rassistsch zu deuten ist. Dem aber nicht so: Eigentlich sollte der <a href=\"https:\/\/de.wikipedia.org\/wiki\/Muttertag\" rel=\"noopener noreferrer\" target=\"_blank\">Muttertag<\/a> (und seine kommerzielle Ausrichtung) mit diesem Muttertag in Afrika aufs Korn genommen werden. Genauso gut h\u00e4tte es auch hei\u00dfen k\u00f6nnen. <em>&#8222;Am Nordpol ist Muttertag!&#8220;<\/em> &#8211; das w\u00e4re tats\u00e4chlich paradox &#8230;<\/p>\n","protected":false},"excerpt":{"rendered":"<p>Ein St\u00e4ndchen in der Fr\u00fchlingsnacht Ist leicht gebracht. Nur ist es fraglich, ob\u2019s gelingt, Da\u00df es zu R\u00f6schens Herzen dringt. Nein, nicht von Heinz Erhardt, von Wilhelm Busch stammt dies kleine Gedichtchen. Wenn R\u00f6schen vielleicht auch (noch) keine Mutter ist (noch bem\u00fcht sich der Protagonist des Reims um R\u00f6schens Herz &#8211; und vielleicht mehr) &#8211; &hellip; <a href=\"https:\/\/willizblog.de\/?p=10904\" class=\"more-link\"><span class=\"screen-reader-text\">St\u00e4ndchen f\u00fcr Muddern<\/span> weiterlesen <span class=\"meta-nav\">&rarr;<\/span><\/a><\/p>\n","protected":false},"author":1,"featured_media":0,"comment_status":"open","ping_status":"open","sticky":false,"template":"","format":"standard","meta":[],"categories":[7,32],"tags":[],"_links":{"self":[{"href":"https:\/\/willizblog.de\/index.php?rest_route=\/wp\/v2\/posts\/10904"}],"collection":[{"href":"https:\/\/willizblog.de\/index.php?rest_route=\/wp\/v2\/posts"}],"about":[{"href":"https:\/\/willizblog.de\/index.php?rest_route=\/wp\/v2\/types\/post"}],"author":[{"embeddable":true,"href":"https:\/\/willizblog.de\/index.php?rest_route=\/wp\/v2\/users\/1"}],"replies":[{"embeddable":true,"href":"https:\/\/willizblog.de\/index.php?rest_route=%2Fwp%2Fv2%2Fcomments&post=10904"}],"version-history":[{"count":0,"href":"https:\/\/willizblog.de\/index.php?rest_route=\/wp\/v2\/posts\/10904\/revisions"}],"wp:attachment":[{"href":"https:\/\/willizblog.de\/index.php?rest_route=%2Fwp%2Fv2%2Fmedia&parent=10904"}],"wp:term":[{"taxonomy":"category","embeddable":true,"href":"https:\/\/willizblog.de\/index.php?rest_route=%2Fwp%2Fv2%2Fcategories&post=10904"},{"taxonomy":"post_tag","embeddable":true,"href":"https:\/\/willizblog.de\/index.php?rest_route=%2Fwp%2Fv2%2Ftags&post=10904"}],"curies":[{"name":"wp","href":"https:\/\/api.w.org\/{rel}","templated":true}]}}