{"id":10909,"date":"2020-05-12T11:30:49","date_gmt":"2020-05-12T11:30:49","guid":{"rendered":"https:\/\/willizblog.de\/?p=10909"},"modified":"2020-05-12T11:30:49","modified_gmt":"2020-05-12T11:30:49","slug":"es-darf-wieder-kaffee-gereicht-werden","status":"publish","type":"post","link":"https:\/\/willizblog.de\/?p=10909","title":{"rendered":"Es darf wieder Kaffee gereicht werden"},"content":{"rendered":"<p>Gestern hatten meine Frau und ich<em> Hochzeitstag<\/em>. Und obwohl es frisch, immerhin aber trocken war, zog es uns beide in die <a href=\"https:\/\/de.wikipedia.org\/wiki\/L%C3%BCneburger_Heide\" rel=\"noopener noreferrer\" target=\"_blank\">L\u00fcneburger Heide<\/a> nach <a href=\"https:\/\/www.schneverdingen.de\/desktopdefault.aspx\/tabid-7940\/\" rel=\"noopener noreferrer\" target=\"_blank\">H\u00f6pen<\/a>, was zu <em>Schneverdingen<\/em> geh\u00f6rt. Wir schlenderten durch die <em>Heide<\/em> und erfreuten uns besonders an der <a href=\"https:\/\/de.wikipedia.org\/wiki\/Ginster\" rel=\"noopener noreferrer\" target=\"_blank\">Ginsterbl\u00fcte<\/a> (die Heide selbst ist noch nicht soweit).<\/p>\n<p><img src=\"https:\/\/www.willizblog.de\/pics\/hoepen2020_ginsterbluete.jpg\" alt=\"Ginsterbl\u00fcte 2020 in der L\u00fcneburger Heide bei H\u00f6pen\/Schneverdingen\" title=\"Ginsterbl\u00fcte 2020 in der L\u00fcneburger Heide bei H\u00f6pen\/Schneverdingen\" \/><br \/>\nGinsterbl\u00fcte 2020 in der L\u00fcneburger Heide bei H\u00f6pen\/Schneverdingen<\/p>\n<p>Zuvor war es uns aber nach Kaffee und dicken Tortenst\u00fccken zumute. Die bekommt man hier am besten im <a href=\"https:\/\/hoepen-idyll.de\/cafe.php\" rel=\"noopener noreferrer\" target=\"_blank\">Cafe H\u00f6pen-Idyll<\/a> (zz. nur von 14 bis 18 Uhr ge\u00f6ffnet). Nur undank Corona war es in den letzten Wochen untersagt, Cafes und Restaurants aufzusuchen. Gestern nun war es endlich soweit. Die Restriktionen sind auch f\u00fcr diese Gastronomiebetriebe gelockert worden.<\/p>\n<p>Und so nutzten wir die M\u00f6glichkeit, im besagten Cafe zu schlemmen. Betreten musste wir das Cafe mit Gesichtsmaske. Und auch die freundliche Kellnerin durfte uns nur mit einer Maske bedienen. Zudem wurden unsere Kontaktdaten erfasst &#8211; f\u00fcr den Fall aller F\u00e4lle. Daf\u00fcr schmeckte uns der Kaffee und besonders die leckeren Torten (K\u00e4sesahne mit Erdbeeren bzw. <a href=\"https:\/\/www.marions-kochbuch.de\/rezept\/3454.htm\" rel=\"noopener noreferrer\" target=\"_blank\">Friesentorte mit Kirschen<\/a>) &#8211; nat\u00fcrlich ohne Gesichtsmasken genossen!<\/p>\n<p><img src=\"https:\/\/www.willizblog.de\/pics\/corona2020_cafe_hoepen_idyll.jpg\" alt=\"Kellnerin (mit Maske) bringt uns den Kaffee und die Torten\" title=\"Kellnerin (mit Maske) bringt uns den Kaffee und die Torten\" \/><br \/>\nKellnerin (mit Maske) bringt uns den Kaffee und die Torten<\/p>\n<p>Gleich am ersten Tag nach der Wiederer\u00f6ffnung (ein Werktag, drau\u00dfen war es frisch und windig) war leider so gut wie noch nichts los (ansonsten ist das Cafe immer sehr gut gef\u00fcllt), zeitweise waren wir sogar die einzigen G\u00e4ste. Mich erinnerte das an eine <a href=\"https:\/\/willizblog.de\/?p=10871\" rel=\"noopener noreferrer\" target=\"_blank\">Zugfahrt vor wenigen Wochen<\/a>, als ich allein im unteren Teil eines ganzen Waggons sa\u00df.<\/p>\n","protected":false},"excerpt":{"rendered":"<p>Gestern hatten meine Frau und ich Hochzeitstag. Und obwohl es frisch, immerhin aber trocken war, zog es uns beide in die L\u00fcneburger Heide nach H\u00f6pen, was zu Schneverdingen geh\u00f6rt. Wir schlenderten durch die Heide und erfreuten uns besonders an der Ginsterbl\u00fcte (die Heide selbst ist noch nicht soweit). Ginsterbl\u00fcte 2020 in der L\u00fcneburger Heide bei &hellip; <a href=\"https:\/\/willizblog.de\/?p=10909\" class=\"more-link\"><span class=\"screen-reader-text\">Es darf wieder Kaffee gereicht werden<\/span> weiterlesen <span class=\"meta-nav\">&rarr;<\/span><\/a><\/p>\n","protected":false},"author":1,"featured_media":0,"comment_status":"open","ping_status":"open","sticky":false,"template":"","format":"standard","meta":[],"categories":[32,11],"tags":[],"_links":{"self":[{"href":"https:\/\/willizblog.de\/index.php?rest_route=\/wp\/v2\/posts\/10909"}],"collection":[{"href":"https:\/\/willizblog.de\/index.php?rest_route=\/wp\/v2\/posts"}],"about":[{"href":"https:\/\/willizblog.de\/index.php?rest_route=\/wp\/v2\/types\/post"}],"author":[{"embeddable":true,"href":"https:\/\/willizblog.de\/index.php?rest_route=\/wp\/v2\/users\/1"}],"replies":[{"embeddable":true,"href":"https:\/\/willizblog.de\/index.php?rest_route=%2Fwp%2Fv2%2Fcomments&post=10909"}],"version-history":[{"count":0,"href":"https:\/\/willizblog.de\/index.php?rest_route=\/wp\/v2\/posts\/10909\/revisions"}],"wp:attachment":[{"href":"https:\/\/willizblog.de\/index.php?rest_route=%2Fwp%2Fv2%2Fmedia&parent=10909"}],"wp:term":[{"taxonomy":"category","embeddable":true,"href":"https:\/\/willizblog.de\/index.php?rest_route=%2Fwp%2Fv2%2Fcategories&post=10909"},{"taxonomy":"post_tag","embeddable":true,"href":"https:\/\/willizblog.de\/index.php?rest_route=%2Fwp%2Fv2%2Ftags&post=10909"}],"curies":[{"name":"wp","href":"https:\/\/api.w.org\/{rel}","templated":true}]}}