{"id":10912,"date":"2020-05-13T00:47:17","date_gmt":"2020-05-13T00:47:17","guid":{"rendered":"https:\/\/willizblog.de\/?p=10912"},"modified":"2020-05-12T18:53:37","modified_gmt":"2020-05-12T18:53:37","slug":"un-ballo-in-maschera","status":"publish","type":"post","link":"https:\/\/willizblog.de\/?p=10912","title":{"rendered":"Un ballo in maschera"},"content":{"rendered":"<p>Es ist ein ganz besonderer <a href=\"https:\/\/de.wikipedia.org\/wiki\/Maskenball\" rel=\"noopener noreferrer\" target=\"_blank\">Maskenball<\/a>, den wir in diesen Wochen, gar Monaten begehen (von Feiern kann keine Rede sein). Von einer <a href=\"https:\/\/de.wikipedia.org\/wiki\/Kost%C3%BCmball\" rel=\"noopener noreferrer\" target=\"_blank\">Kost\u00fcmparty<\/a>, wie sie zu Karneval und Fastnacht, aber vor allem im Fasching stattfindet, auch von Halloween, also keine Spur. Auch mit <a href=\"https:\/\/de.wikipedia.org\/wiki\/Un_ballo_in_maschera\" rel=\"noopener noreferrer\" target=\"_blank\">Verdis Oper<\/a> hat das alles nichts zu tun.<\/p>\n<p>Wenn wir in Zeiten des Coronavirus mit Masken (in Gesch\u00e4ften, im \u00d6ffentlichen Nahverkehr usw.) durch die Gegend laufen, dann m\u00fcssen wir darauf achten, die Masken nach jedem Gebrauch zu wechseln und die benutzten &#8218;hochgradig&#8216; zu reinigen. So habe ich inzwischen mehrere Masken zur Verf\u00fcgung, auch T\u00fccher, die ebenfalls ihren Dienst tun. So laufe ich z.B. Werbung f\u00fcr eine in Bremen ans\u00e4ssige Gro\u00dfbrauerei \ud83d\ude09<\/p>\n<p><img src=\"https:\/\/www.willizblog.de\/pics\/corona2020_maskenball.jpg\" alt=\"Willi und sein h\u00f6chst pers\u00f6nlicher Maskenball\" title=\"Willi und sein h\u00f6chst pers\u00f6nlicher Maskenball\" \/><br \/>\nWilli und sein h\u00f6chst pers\u00f6nlicher Maskenball<\/p>\n<p>Ich \u00fcberlegte mir schon, ob ich mir auch noch eine <a href=\"http:\/\/www.dmm-ingolstadt.de\/aktuell\/objektgeschichten\/pestarztmaske.html\" rel=\"noopener noreferrer\" target=\"_blank\">Schnabelmaske<\/a> bastle mit zwei Augen\u00f6ffnungen aus Glas. Den <a href=\"https:\/\/de.wikipedia.org\/wiki\/Pestdoktor#Kleidung\" rel=\"noopener noreferrer\" target=\"_blank\">Schnabel der Maske<\/a> w\u00fcrde ich mit Duftstoffen wie Wacholder, Amber, Zitronenmelisse, Gr\u00fcner Minze, Kampfer, Gew\u00fcrznelken u.\u00e4. f\u00fcllen, um mich so vor <strike>der Pest<\/strike> dem Coronavirus zu sch\u00fctzen.<\/p>\n<p>Ich wei\u00df: Man macht in diesen Tagen keine Scherze. Oder doch? <a href=\"https:\/\/de.wikipedia.org\/wiki\/Josef_%C5%A0kvoreck%C3%BD\" rel=\"noopener noreferrer\" target=\"_blank\">Josef \u0160kvoreck\u00fd<\/a>, ein tschechischer Schriftsteller, sagte \u00fcber <a href=\"https:\/\/de.wikipedia.org\/wiki\/Jaroslav_Ha%C5%A1ek\" rel=\"noopener noreferrer\" target=\"_blank\">Jaroslav Ha\u0161ek<\/a>, dem Autoren <a href=\"https:\/\/de.wikipedia.org\/wiki\/Der_brave_Soldat_Schwejk\" rel=\"noopener noreferrer\" target=\"_blank\">des braven Soldaten Schwejk<\/a>: <em>&#8222;Diese Mischung von Humor und Depression findet man bei allen Nationen, denen die Segnungen der Unfreiheit zuteilgeworden sind.&#8220;<\/em> &#8211; In gewisser Weise trifft das auch auf die heutige Zeit zu, in der wir mit dem Coronavirus leben m\u00fcssen.<\/p>\n<p>\u00dcbrigens: An einigen Maskenballveranstaltungen sind auch unmaskierte G\u00e4ste zugelassen. Sie zahlen aber meist einen h\u00f6heren Eintrittspreis (Krankheit? Tod?). &#8211; <strong>Bleibt gesund &#8211; mit Maske!<\/strong><\/p>\n","protected":false},"excerpt":{"rendered":"<p>Es ist ein ganz besonderer Maskenball, den wir in diesen Wochen, gar Monaten begehen (von Feiern kann keine Rede sein). Von einer Kost\u00fcmparty, wie sie zu Karneval und Fastnacht, aber vor allem im Fasching stattfindet, auch von Halloween, also keine Spur. Auch mit Verdis Oper hat das alles nichts zu tun. Wenn wir in Zeiten &hellip; <a href=\"https:\/\/willizblog.de\/?p=10912\" class=\"more-link\"><span class=\"screen-reader-text\">Un ballo in maschera<\/span> weiterlesen <span class=\"meta-nav\">&rarr;<\/span><\/a><\/p>\n","protected":false},"author":1,"featured_media":0,"comment_status":"open","ping_status":"open","sticky":false,"template":"","format":"standard","meta":[],"categories":[20],"tags":[],"_links":{"self":[{"href":"https:\/\/willizblog.de\/index.php?rest_route=\/wp\/v2\/posts\/10912"}],"collection":[{"href":"https:\/\/willizblog.de\/index.php?rest_route=\/wp\/v2\/posts"}],"about":[{"href":"https:\/\/willizblog.de\/index.php?rest_route=\/wp\/v2\/types\/post"}],"author":[{"embeddable":true,"href":"https:\/\/willizblog.de\/index.php?rest_route=\/wp\/v2\/users\/1"}],"replies":[{"embeddable":true,"href":"https:\/\/willizblog.de\/index.php?rest_route=%2Fwp%2Fv2%2Fcomments&post=10912"}],"version-history":[{"count":0,"href":"https:\/\/willizblog.de\/index.php?rest_route=\/wp\/v2\/posts\/10912\/revisions"}],"wp:attachment":[{"href":"https:\/\/willizblog.de\/index.php?rest_route=%2Fwp%2Fv2%2Fmedia&parent=10912"}],"wp:term":[{"taxonomy":"category","embeddable":true,"href":"https:\/\/willizblog.de\/index.php?rest_route=%2Fwp%2Fv2%2Fcategories&post=10912"},{"taxonomy":"post_tag","embeddable":true,"href":"https:\/\/willizblog.de\/index.php?rest_route=%2Fwp%2Fv2%2Ftags&post=10912"}],"curies":[{"name":"wp","href":"https:\/\/api.w.org\/{rel}","templated":true}]}}