{"id":10917,"date":"2020-05-14T12:55:15","date_gmt":"2020-05-14T12:55:15","guid":{"rendered":"https:\/\/willizblog.de\/?p=10917"},"modified":"2020-05-14T12:55:15","modified_gmt":"2020-05-14T12:55:15","slug":"puenktlich-in-diesem-jahr-die-eisheiligen","status":"publish","type":"post","link":"https:\/\/willizblog.de\/?p=10917","title":{"rendered":"P\u00fcnktlich in diesem Jahr: Die Eisheiligen"},"content":{"rendered":"<p>In diesem Jahr waren sie auf die Stunde genau p\u00fcnktlich: die Eisheiligen, die noch zur Mitte des Mais kalte Tage bescheren k\u00f6nnen. Nachtfr\u00f6ste gab es bei uns zwar nicht, aber das Thermometer kam der Nullgradgrenze doch sehr nah. Und tags\u00fcber waren es gerade einmal 10 \u00b0 C und nicht viel mehr. Am Montag und heute auch mit viel Sonne.<\/p>\n<p>Schon vor einigen Jahren hatte ich mich etwas genauer mit ihnen, den f\u00fcnf Eisheiligen, besch\u00e4ftigt, besonders mit der G\u00fcltigkeit von <a target=\"_blank\" href=\"https:\/\/www.amazon.de\/gp\/product\/3731852357\/ref=as_li_tl?ie=UTF8&#038;camp=1638&#038;creative=6742&#038;creativeASIN=3731852357&#038;linkCode=as2&#038;tag=familiealbin-21&#038;linkId=a0edcb1febf0a208ced0b0e4bfe39eb8\" rel=\"noopener noreferrer\">Bauernspr\u00fcchen<\/a><img loading=\"lazy\" src=\"\/\/ir-de.amazon-adsystem.com\/e\/ir?t=familiealbin-21&#038;l=am2&#038;o=3&#038;a=3731852357\" width=\"1\" height=\"1\" border=\"0\" alt=\"\" style=\"border:none !important; margin:0px !important;\" \/> (\u201eVor Nachtfrost du nie sicher bist, bis Sophie vor\u00fcber ist\u201c): <a href=\"https:\/\/willizblog.de\/?p=8385\" rel=\"noopener noreferrer\" target=\"_blank\">Die kalte Sophie<\/a> (hier nachzulesen)<\/p>\n<p>Die Eisheiligen und ihre Gedenktage sind die folgenden:<br \/>\n1. <em>Mamertus<\/em>, Bischof von Vienne \u2013 11. Mai<br \/>\n2. <em>Pankratius<\/em>, fr\u00fchchristlicher M\u00e4rtyrer \u2013 12. Mai<br \/>\n3. <em>Servatius<\/em>, Bischof von Tongeren \u2013 13. Mai<br \/>\n4. <em>Bonifatius<\/em>, fr\u00fchchristlicher M\u00e4rtyrer \u2013 14. Mai<br \/>\n5. <em>Sophia<\/em>, fr\u00fchchristliche M\u00e4rtyrin und Mutter dreier geweihter Jungfrauen \u2013 15. Mai<\/p>\n<p><img src=\"https:\/\/www.willizblog.de\/images\/eisheilige_alle5.jpg\" alt=\"Eisheilige: Mamertus \u2013 Pankratius \u2013 Servatius \u2013 Bonifatius und die \u201akalte\u2019 Sophia\" title=\"Eisheilige: Mamertus \u2013 Pankratius \u2013 Servatius \u2013 Bonifatius und die \u201akalte\u2019 Sophia\" \/><br \/>\nEisheilige: Mamertus \u2013 Pankratius \u2013 Servatius \u2013 Bonifatius und die \u201akalte\u2019 Sophia<\/p>\n<p>Nach eher feuchten Tagen am Wochenende soll es ab kommenden Montag dann wieder w\u00e4rmer werden. Dann sollte es vorbei sein mit der K\u00e4lte.<\/p>\n","protected":false},"excerpt":{"rendered":"<p>In diesem Jahr waren sie auf die Stunde genau p\u00fcnktlich: die Eisheiligen, die noch zur Mitte des Mais kalte Tage bescheren k\u00f6nnen. Nachtfr\u00f6ste gab es bei uns zwar nicht, aber das Thermometer kam der Nullgradgrenze doch sehr nah. Und tags\u00fcber waren es gerade einmal 10 \u00b0 C und nicht viel mehr. Am Montag und heute &hellip; <a href=\"https:\/\/willizblog.de\/?p=10917\" class=\"more-link\"><span class=\"screen-reader-text\">P\u00fcnktlich in diesem Jahr: Die Eisheiligen<\/span> weiterlesen <span class=\"meta-nav\">&rarr;<\/span><\/a><\/p>\n","protected":false},"author":1,"featured_media":0,"comment_status":"open","ping_status":"open","sticky":false,"template":"","format":"standard","meta":[],"categories":[16],"tags":[],"_links":{"self":[{"href":"https:\/\/willizblog.de\/index.php?rest_route=\/wp\/v2\/posts\/10917"}],"collection":[{"href":"https:\/\/willizblog.de\/index.php?rest_route=\/wp\/v2\/posts"}],"about":[{"href":"https:\/\/willizblog.de\/index.php?rest_route=\/wp\/v2\/types\/post"}],"author":[{"embeddable":true,"href":"https:\/\/willizblog.de\/index.php?rest_route=\/wp\/v2\/users\/1"}],"replies":[{"embeddable":true,"href":"https:\/\/willizblog.de\/index.php?rest_route=%2Fwp%2Fv2%2Fcomments&post=10917"}],"version-history":[{"count":0,"href":"https:\/\/willizblog.de\/index.php?rest_route=\/wp\/v2\/posts\/10917\/revisions"}],"wp:attachment":[{"href":"https:\/\/willizblog.de\/index.php?rest_route=%2Fwp%2Fv2%2Fmedia&parent=10917"}],"wp:term":[{"taxonomy":"category","embeddable":true,"href":"https:\/\/willizblog.de\/index.php?rest_route=%2Fwp%2Fv2%2Fcategories&post=10917"},{"taxonomy":"post_tag","embeddable":true,"href":"https:\/\/willizblog.de\/index.php?rest_route=%2Fwp%2Fv2%2Ftags&post=10917"}],"curies":[{"name":"wp","href":"https:\/\/api.w.org\/{rel}","templated":true}]}}