{"id":10919,"date":"2020-05-15T14:02:40","date_gmt":"2020-05-15T14:02:40","guid":{"rendered":"https:\/\/willizblog.de\/?p=10919"},"modified":"2020-05-15T14:02:40","modified_gmt":"2020-05-15T14:02:40","slug":"wenn-der-ball-wieder-rollt","status":"publish","type":"post","link":"https:\/\/willizblog.de\/?p=10919","title":{"rendered":"Wenn der Ball wieder rollt &#8230;"},"content":{"rendered":"<p>Am Wochenende geht es also nun doch wieder los: die Fu\u00dfballbundesliga und die 2. Liga starten in die Endrunde der f\u00fcr \u00fcber zwei Monate unterbrochenen Saison 2019\/2020. Die Begeisterung der Fans h\u00e4lt sich in Grenzen: die letzten Spieltage finden ohne sie statt. Der Ball rollt vor leeren Zuschauerr\u00e4ngen. Corona hin, Corona her: Es geht ums Geld aus TV-Einnahmen. F\u00fcr den SV Werder Bremen sollen es bis zu 45 Millionen \u20ac sein, die dem Verein fehlen w\u00fcrden, w\u00e4re die Saison vorzeitig abgebrochen worden. Bei einer Fortsetzung mit Geisterspielen sind es dann nur 20 Millionen \u20ac Verlust, sagte Klaus Filbry, der Vorsitzende der Gesch\u00e4ftsf\u00fchrung. Erstmals seit der Ausgliederung der Profi-Abteilung hat die SV-Werder-Kapitalgesellschaft einen Kredit aufgenommen. In zweistelliger Millionenh\u00f6he.<\/p>\n<p><img src=\"https:\/\/www.willizblog.de\/pics\/werder2019_20_krise_kohfeld.jpg\" alt=\"Trainer Kohfeld mit den Werder-Spielern: Wenn alles schief geht\" title=\"Trainer Kohfeld mit den Werder-Spielern: Wenn alles schief geht\" \/><br \/>\nTrainer Kohfeld mit den Werder-Spielern: Wenn alles schief geht<\/p>\n<p>Da viele Vereine keine finanziellen Reserven aufweisen, h\u00e4tte nach einem Bericht des \u201ekicker\u201c 13 Clubs aus Liga 1 und 2 noch in dieser Saison <a href=\"https:\/\/www.deichstube.de\/news\/werder-bremen-insolvenz-coronavirus-krise-klaus-filbry-pleite-bundesliga-geld-zr-13599601.html\" rel=\"noopener noreferrer\" target=\"_blank\">die Insolvenz<\/a> gedroht.<\/p>\n<p>Beim SV Werder kostet der Kader aktuell in etwa 58 Millionen Euro pro Saison. Wie gro\u00df das Budget in der kommenden (Erstliga?)-Saison noch sein darf, sagte Filbry zwar nicht, doch es ist wohl keine Frage, dass zum einen kleine Namen verschwinden werden, um den derzeit stolze 32 Spieler umfassenden Profi-Kader zu verschlanken und kosteng\u00fcnstiger zu machen. Zum anderen muss es f\u00fcr die gro\u00dfe Wirkung aber auch gro\u00dfe Namen treffen. <a href=\"https:\/\/www.deichstube.de\/news\/werder-bremen-transfers-not-verkauf-davy-klaassen-geld-coronavirus-insolvenz-bundesliga-zr-13745007.html\" rel=\"noopener noreferrer\" target=\"_blank\">Milot Rashica<\/a> steht dabei an erster Stelle. Werder verspricht sich trotz allem immer noch eine Abl\u00f6se zwischen 20 und 30 Millionen Euro. Da aber der Transfermarkt eher einzubrechen droht, weil demn\u00e4chst weit weniger Geld im Markt sein wird, glaube ich selbst nicht an eine solch hohe Abl\u00f6sesumme. Aber eine langfristige und ausreichende Entlastung des Etats ist mit ihm allein nicht zu erreichen. Andere Gutverdienende werden bei Werder Bremen ebenfalls auf die Verkaufsliste r\u00fccken, z.B. Maximilian Eggestein oder Davy Klaassen, die aber durch ihre zuletzt eher bescheidenen Leistungen nicht gerade von anderen Vereinen umworben sein d\u00fcrften.<\/p>\n<p>Zum Teil haben Spieler auf Teile ihrers Gehalts verzichtet, die einen freiwillig, andere offensichtlich unter Zwang. Trotzdem ist es schwer zu verstehen, dass die Clubs ihren Spielern vorerst keine weiteren Zugest\u00e4ndnisse abringen wollten, gleichzeitig aber Ticketinhaber bezirzen, ihr Geld nicht zur\u00fcckzufordern. Geisterspiele machen keinen einzigen Fan gl\u00fccklich, sondern nur die Gehaltsempf\u00e4nger in den Clubs, die am Tropf der TV-Sender h\u00e4ngen. Die Fans zahlen und die Spieler kassieren. Der Profi-Fu\u00dfball, das wurde in der Krise klar, hat sich mit seiner turbokapitalistischen Dynamik schon lange von der Gesellschaft abgekoppelt.<\/p>\n<p>Es ist jetzt an der Zeit, \u00fcber eine neue Moral im Fu\u00dfball zu reden. Die absurden Geh\u00e4lter, die sich immer weiter hochschraubenden Abl\u00f6sesummen \u2013 wer will das alles noch? Es sind immer mehr Fans, die sich vom Profi-Fu\u00dfball abwenden. Ich bin gespannt, wie sich das weiterentwickelt, f\u00fcrchte aber, dass bald alles wieder beim Alten sein wird. Nur einige Vereine, vielleicht auch der SV Werder, werden auf der Strecke verblieben sein.<\/p>\n<p>Denn sportlich muss sich in diesen letzten neun (f\u00fcr Werder sind es noch zehn) Spiele in Bremen noch einiges tun. Mit vier Punkten hinter dem Relegationsplatz und schon acht Punkten hinter dem rettenden Ufer (Platz 15) steht Werder mit mehr als einem Fu\u00df vor dem Abstieg.<\/p>\n<p>Ich will nicht den Teufel an die Wand malen, aber sollten es die Bremer nicht schaffen, in der 1. Liga zu verbleiben, dann wird es in Zukunft schwer werden: Mit einem Kader, dem die gro\u00dfen Namen fehlen, mit reichlich Miesen auf dem Konto &#8211; es droht Werder Bremen der dauerhafte Abschied aus der Fu\u00dfball-Bundesliga.<\/p>\n","protected":false},"excerpt":{"rendered":"<p>Am Wochenende geht es also nun doch wieder los: die Fu\u00dfballbundesliga und die 2. Liga starten in die Endrunde der f\u00fcr \u00fcber zwei Monate unterbrochenen Saison 2019\/2020. Die Begeisterung der Fans h\u00e4lt sich in Grenzen: die letzten Spieltage finden ohne sie statt. Der Ball rollt vor leeren Zuschauerr\u00e4ngen. Corona hin, Corona her: Es geht ums &hellip; <a href=\"https:\/\/willizblog.de\/?p=10919\" class=\"more-link\"><span class=\"screen-reader-text\">Wenn der Ball wieder rollt &#8230;<\/span> weiterlesen <span class=\"meta-nav\">&rarr;<\/span><\/a><\/p>\n","protected":false},"author":1,"featured_media":0,"comment_status":"open","ping_status":"open","sticky":false,"template":"","format":"standard","meta":[],"categories":[27],"tags":[],"_links":{"self":[{"href":"https:\/\/willizblog.de\/index.php?rest_route=\/wp\/v2\/posts\/10919"}],"collection":[{"href":"https:\/\/willizblog.de\/index.php?rest_route=\/wp\/v2\/posts"}],"about":[{"href":"https:\/\/willizblog.de\/index.php?rest_route=\/wp\/v2\/types\/post"}],"author":[{"embeddable":true,"href":"https:\/\/willizblog.de\/index.php?rest_route=\/wp\/v2\/users\/1"}],"replies":[{"embeddable":true,"href":"https:\/\/willizblog.de\/index.php?rest_route=%2Fwp%2Fv2%2Fcomments&post=10919"}],"version-history":[{"count":0,"href":"https:\/\/willizblog.de\/index.php?rest_route=\/wp\/v2\/posts\/10919\/revisions"}],"wp:attachment":[{"href":"https:\/\/willizblog.de\/index.php?rest_route=%2Fwp%2Fv2%2Fmedia&parent=10919"}],"wp:term":[{"taxonomy":"category","embeddable":true,"href":"https:\/\/willizblog.de\/index.php?rest_route=%2Fwp%2Fv2%2Fcategories&post=10919"},{"taxonomy":"post_tag","embeddable":true,"href":"https:\/\/willizblog.de\/index.php?rest_route=%2Fwp%2Fv2%2Ftags&post=10919"}],"curies":[{"name":"wp","href":"https:\/\/api.w.org\/{rel}","templated":true}]}}