{"id":10953,"date":"2020-06-16T08:49:56","date_gmt":"2020-06-16T08:49:56","guid":{"rendered":"https:\/\/willizblog.de\/?p=10953"},"modified":"2020-06-16T08:49:56","modified_gmt":"2020-06-16T08:49:56","slug":"bauplanung-am-bahnhof-9-9a-in-tostedt-12-stadthaeuser-mit-graffito","status":"publish","type":"post","link":"https:\/\/willizblog.de\/?p=10953","title":{"rendered":"Bauplanung \u201aAm Bahnhof 9\/9a\u2018 in Tostedt (12): Stadth\u00e4user mit Graffito"},"content":{"rendered":"<p>Das Grundst\u00fcck <a href=\"https:\/\/willizblog.de\/?p=10892\" rel=\"noopener noreferrer\" target=\"_blank\">\u201aAm Bahnhof 9\/9a\u2018 in Tostedt<\/a> ist nat\u00fcrlich l\u00e4ngst aus der Phase der Planung heraus. Zur Stra\u00dfe hin steht ein Block aus vier Wohnh\u00e4usern, der der Fertigstellung harrt. Ein Aufbau f\u00fcr den Fahrstuhl wurde nun mit einem <a href=\"https:\/\/willizblog.de\/?s=graffiti\" rel=\"noopener noreferrer\" target=\"_blank\">Graffito<\/a> &#8218;geschm\u00fcckt&#8216;. Was wir eigentlich nur aus der Stadt kennen, &#8218;zieht&#8216; nun auch in den doch eher l\u00e4ndlichen Bereich von Tostedt ein: so genannte Stadth\u00e4user mit st\u00e4dtischem Sprayerwerk!<\/p>\n<p><img src=\"https:\/\/www.willizblog.de\/pics\/tostedt2020_am_bahnhof_graffito01.jpg\" alt=\"\u201aAm Bahnhof 9\/9a\u2018 in Tostedt: Stadth\u00e4user mit Graffito\" title=\"\u201aAm Bahnhof 9\/9a\u2018 in Tostedt: Stadth\u00e4user mit Graffito\" \/><br \/>\n\u201aAm Bahnhof 9\/9a\u2018 in Tostedt: Stadth\u00e4user mit Graffito<\/p>\n<p>Ich habe versucht, den &#8218;Autoren&#8216; des <a href=\"https:\/\/de.wikipedia.org\/wiki\/Graffiti\" rel=\"noopener noreferrer\" target=\"_blank\">Graffito<\/a> im Netz ausfindig zu machen, denn u.a. hinterlie\u00df er seine <a href=\"https:\/\/de.wikipedia.org\/wiki\/Initiale\" rel=\"noopener noreferrer\" target=\"_blank\">Initialen<\/a>, konnte diesen aber nicht ausmachen. Meine Frau und ich mutma\u00dfen, dass er aus Hamburg (vielleicht auch aus Bremen) stammt und auf der Fahrt mit der Bahn die jungfr\u00e4uliche &#8218;Leinwand&#8216; gesichtet hat, ausgestiegen ist, sein Werk vollbrachte und mit dem n\u00e4chsten Zug weitergefahren ist.<\/p>\n<p><img src=\"https:\/\/www.willizblog.de\/pics\/tostedt2020_am_bahnhof_graffito02.jpg\" alt=\"\u201aAm Bahnhof 9\/9a\u2018 in Tostedt: Stadth\u00e4user mit Graffito\" title=\"\u201aAm Bahnhof 9\/9a\u2018 in Tostedt: Stadth\u00e4user mit Graffito\" \/><br \/>\n\u201aAm Bahnhof 9\/9a\u2018 in Tostedt: Stadth\u00e4user mit Graffito<\/p>\n","protected":false},"excerpt":{"rendered":"<p>Das Grundst\u00fcck \u201aAm Bahnhof 9\/9a\u2018 in Tostedt ist nat\u00fcrlich l\u00e4ngst aus der Phase der Planung heraus. Zur Stra\u00dfe hin steht ein Block aus vier Wohnh\u00e4usern, der der Fertigstellung harrt. Ein Aufbau f\u00fcr den Fahrstuhl wurde nun mit einem Graffito &#8218;geschm\u00fcckt&#8216;. Was wir eigentlich nur aus der Stadt kennen, &#8218;zieht&#8216; nun auch in den doch eher &hellip; <a href=\"https:\/\/willizblog.de\/?p=10953\" class=\"more-link\"><span class=\"screen-reader-text\">Bauplanung \u201aAm Bahnhof 9\/9a\u2018 in Tostedt (12): Stadth\u00e4user mit Graffito<\/span> weiterlesen <span class=\"meta-nav\">&rarr;<\/span><\/a><\/p>\n","protected":false},"author":1,"featured_media":0,"comment_status":"open","ping_status":"open","sticky":false,"template":"","format":"standard","meta":[],"categories":[11],"tags":[],"_links":{"self":[{"href":"https:\/\/willizblog.de\/index.php?rest_route=\/wp\/v2\/posts\/10953"}],"collection":[{"href":"https:\/\/willizblog.de\/index.php?rest_route=\/wp\/v2\/posts"}],"about":[{"href":"https:\/\/willizblog.de\/index.php?rest_route=\/wp\/v2\/types\/post"}],"author":[{"embeddable":true,"href":"https:\/\/willizblog.de\/index.php?rest_route=\/wp\/v2\/users\/1"}],"replies":[{"embeddable":true,"href":"https:\/\/willizblog.de\/index.php?rest_route=%2Fwp%2Fv2%2Fcomments&post=10953"}],"version-history":[{"count":0,"href":"https:\/\/willizblog.de\/index.php?rest_route=\/wp\/v2\/posts\/10953\/revisions"}],"wp:attachment":[{"href":"https:\/\/willizblog.de\/index.php?rest_route=%2Fwp%2Fv2%2Fmedia&parent=10953"}],"wp:term":[{"taxonomy":"category","embeddable":true,"href":"https:\/\/willizblog.de\/index.php?rest_route=%2Fwp%2Fv2%2Fcategories&post=10953"},{"taxonomy":"post_tag","embeddable":true,"href":"https:\/\/willizblog.de\/index.php?rest_route=%2Fwp%2Fv2%2Ftags&post=10953"}],"curies":[{"name":"wp","href":"https:\/\/api.w.org\/{rel}","templated":true}]}}